 {"id":20944,"date":"2023-06-15T10:30:16","date_gmt":"2023-06-15T08:30:16","guid":{"rendered":"https:\/\/www.nexeimpressions.com\/brugulat-enserio-premi-adg-laus-2023-plata\/"},"modified":"2023-06-15T13:17:13","modified_gmt":"2023-06-15T11:17:13","slug":"brugulat-enserio-premi-adg-laus-2023-plata","status":"publish","type":"post","link":"https:\/\/nexeimpressions.com\/es\/brugulat-enserio-premi-adg-laus-2023-plata\/","title":{"rendered":"Brugulat &#8211; ENSERIO. Premio ADG Laus 2023"},"content":{"rendered":"<div class=\"wpb-content-wrapper\"><p>[vc_row css_animation=\u00bb\u00bb row_type=\u00bbrow\u00bb use_row_as_full_screen_section=\u00bbno\u00bb type=\u00bbfull_width\u00bb angled_section=\u00bbno\u00bb text_align=\u00bbleft\u00bb background_image_as_pattern=\u00bbwithout_pattern\u00bb z_index=\u00bb\u00bb][vc_column][vc_column_text]<\/p>\n\n\t\t<style type=\"text\/css\">\n\t\t\t#gallery-1 {\n\t\t\t\tmargin: auto;\n\t\t\t}\n\t\t\t#gallery-1 .gallery-item {\n\t\t\t\tfloat: left;\n\t\t\t\tmargin-top: 10px;\n\t\t\t\ttext-align: center;\n\t\t\t\twidth: 33%;\n\t\t\t}\n\t\t\t#gallery-1 img {\n\t\t\t\tborder: 2px solid #cfcfcf;\n\t\t\t}\n\t\t\t#gallery-1 .gallery-caption {\n\t\t\t\tmargin-left: 0;\n\t\t\t}\n\t\t\t\/* see gallery_shortcode() in wp-includes\/media.php *\/\n\t\t<\/style>\n\t\t<div id='gallery-1' class='gallery galleryid-20944 gallery-columns-3 gallery-size-thumbnail'><dl class='gallery-item'>\n\t\t\t<dt class='gallery-icon landscape'>\n\t\t\t\t<a href='https:\/\/nexeimpressions.com\/es\/brugulat-enserio-premi-adg-laus-2023-plata\/b-brugulat-03-2\/'><img decoding=\"async\" width=\"150\" height=\"150\" src=\"https:\/\/nexeimpressions.com\/wp-content\/uploads\/2023\/06\/B-Brugulat-03-150x150.jpg\" class=\"attachment-thumbnail size-thumbnail\" alt=\"\" srcset=\"https:\/\/nexeimpressions.com\/wp-content\/uploads\/2023\/06\/B-Brugulat-03-150x150.jpg 150w, https:\/\/nexeimpressions.com\/wp-content\/uploads\/2023\/06\/B-Brugulat-03-570x570.jpg 570w, https:\/\/nexeimpressions.com\/wp-content\/uploads\/2023\/06\/B-Brugulat-03-500x500.jpg 500w, https:\/\/nexeimpressions.com\/wp-content\/uploads\/2023\/06\/B-Brugulat-03-1000x1000.jpg 1000w\" sizes=\"(max-width: 150px) 100vw, 150px\" \/><\/a>\n\t\t\t<\/dt><\/dl><dl class='gallery-item'>\n\t\t\t<dt class='gallery-icon landscape'>\n\t\t\t\t<a href='https:\/\/nexeimpressions.com\/es\/brugulat-enserio-premi-adg-laus-2023-plata\/b-brugulat-02-2\/'><img decoding=\"async\" width=\"150\" height=\"150\" src=\"https:\/\/nexeimpressions.com\/wp-content\/uploads\/2023\/06\/B-Brugulat-02-150x150.jpg\" class=\"attachment-thumbnail size-thumbnail\" alt=\"\" srcset=\"https:\/\/nexeimpressions.com\/wp-content\/uploads\/2023\/06\/B-Brugulat-02-150x150.jpg 150w, https:\/\/nexeimpressions.com\/wp-content\/uploads\/2023\/06\/B-Brugulat-02-570x570.jpg 570w, https:\/\/nexeimpressions.com\/wp-content\/uploads\/2023\/06\/B-Brugulat-02-500x500.jpg 500w, https:\/\/nexeimpressions.com\/wp-content\/uploads\/2023\/06\/B-Brugulat-02-1000x1000.jpg 1000w\" sizes=\"(max-width: 150px) 100vw, 150px\" \/><\/a>\n\t\t\t<\/dt><\/dl><dl class='gallery-item'>\n\t\t\t<dt class='gallery-icon landscape'>\n\t\t\t\t<a href='https:\/\/nexeimpressions.com\/es\/brugulat-enserio-premi-adg-laus-2023-plata\/b-brugulat-04-2\/'><img decoding=\"async\" width=\"150\" height=\"150\" src=\"https:\/\/nexeimpressions.com\/wp-content\/uploads\/2023\/06\/B-Brugulat-04-150x150.jpg\" class=\"attachment-thumbnail size-thumbnail\" alt=\"\" srcset=\"https:\/\/nexeimpressions.com\/wp-content\/uploads\/2023\/06\/B-Brugulat-04-150x150.jpg 150w, https:\/\/nexeimpressions.com\/wp-content\/uploads\/2023\/06\/B-Brugulat-04-570x570.jpg 570w, https:\/\/nexeimpressions.com\/wp-content\/uploads\/2023\/06\/B-Brugulat-04-500x500.jpg 500w, https:\/\/nexeimpressions.com\/wp-content\/uploads\/2023\/06\/B-Brugulat-04-1000x1000.jpg 1000w\" sizes=\"(max-width: 150px) 100vw, 150px\" \/><\/a>\n\t\t\t<\/dt><\/dl><br style=\"clear: both\" \/><dl class='gallery-item'>\n\t\t\t<dt class='gallery-icon landscape'>\n\t\t\t\t<a href='https:\/\/nexeimpressions.com\/es\/brugulat-enserio-premi-adg-laus-2023-plata\/b-brugulat-05-2\/'><img decoding=\"async\" width=\"150\" height=\"150\" src=\"https:\/\/nexeimpressions.com\/wp-content\/uploads\/2023\/06\/B-Brugulat-05-150x150.jpg\" class=\"attachment-thumbnail size-thumbnail\" alt=\"\" srcset=\"https:\/\/nexeimpressions.com\/wp-content\/uploads\/2023\/06\/B-Brugulat-05-150x150.jpg 150w, https:\/\/nexeimpressions.com\/wp-content\/uploads\/2023\/06\/B-Brugulat-05-570x570.jpg 570w, https:\/\/nexeimpressions.com\/wp-content\/uploads\/2023\/06\/B-Brugulat-05-500x500.jpg 500w, https:\/\/nexeimpressions.com\/wp-content\/uploads\/2023\/06\/B-Brugulat-05-1000x1000.jpg 1000w\" sizes=\"(max-width: 150px) 100vw, 150px\" \/><\/a>\n\t\t\t<\/dt><\/dl><dl class='gallery-item'>\n\t\t\t<dt class='gallery-icon landscape'>\n\t\t\t\t<a href='https:\/\/nexeimpressions.com\/es\/brugulat-enserio-premi-adg-laus-2023-plata\/b-brugulat-06-2\/'><img decoding=\"async\" width=\"150\" height=\"150\" src=\"https:\/\/nexeimpressions.com\/wp-content\/uploads\/2023\/06\/B-Brugulat-06-150x150.jpg\" class=\"attachment-thumbnail size-thumbnail\" alt=\"\" srcset=\"https:\/\/nexeimpressions.com\/wp-content\/uploads\/2023\/06\/B-Brugulat-06-150x150.jpg 150w, https:\/\/nexeimpressions.com\/wp-content\/uploads\/2023\/06\/B-Brugulat-06-570x570.jpg 570w, https:\/\/nexeimpressions.com\/wp-content\/uploads\/2023\/06\/B-Brugulat-06-500x500.jpg 500w, https:\/\/nexeimpressions.com\/wp-content\/uploads\/2023\/06\/B-Brugulat-06-1000x1000.jpg 1000w\" sizes=\"(max-width: 150px) 100vw, 150px\" \/><\/a>\n\t\t\t<\/dt><\/dl><dl class='gallery-item'>\n\t\t\t<dt class='gallery-icon landscape'>\n\t\t\t\t<a href='https:\/\/nexeimpressions.com\/es\/brugulat-enserio-premi-adg-laus-2023-plata\/b-brugulat-07-2\/'><img decoding=\"async\" width=\"150\" height=\"150\" src=\"https:\/\/nexeimpressions.com\/wp-content\/uploads\/2023\/06\/B-Brugulat-07-150x150.jpg\" class=\"attachment-thumbnail size-thumbnail\" alt=\"\" srcset=\"https:\/\/nexeimpressions.com\/wp-content\/uploads\/2023\/06\/B-Brugulat-07-150x150.jpg 150w, https:\/\/nexeimpressions.com\/wp-content\/uploads\/2023\/06\/B-Brugulat-07-570x570.jpg 570w, https:\/\/nexeimpressions.com\/wp-content\/uploads\/2023\/06\/B-Brugulat-07-500x500.jpg 500w, https:\/\/nexeimpressions.com\/wp-content\/uploads\/2023\/06\/B-Brugulat-07-1000x1000.jpg 1000w\" sizes=\"(max-width: 150px) 100vw, 150px\" \/><\/a>\n\t\t\t<\/dt><\/dl><br style=\"clear: both\" \/><dl class='gallery-item'>\n\t\t\t<dt class='gallery-icon landscape'>\n\t\t\t\t<a href='https:\/\/nexeimpressions.com\/es\/brugulat-enserio-premi-adg-laus-2023-plata\/b-brugulat-09-2\/'><img decoding=\"async\" width=\"150\" height=\"150\" src=\"https:\/\/nexeimpressions.com\/wp-content\/uploads\/2023\/06\/B-Brugulat-09-150x150.jpg\" class=\"attachment-thumbnail size-thumbnail\" alt=\"\" srcset=\"https:\/\/nexeimpressions.com\/wp-content\/uploads\/2023\/06\/B-Brugulat-09-150x150.jpg 150w, https:\/\/nexeimpressions.com\/wp-content\/uploads\/2023\/06\/B-Brugulat-09-570x570.jpg 570w, https:\/\/nexeimpressions.com\/wp-content\/uploads\/2023\/06\/B-Brugulat-09-500x500.jpg 500w, https:\/\/nexeimpressions.com\/wp-content\/uploads\/2023\/06\/B-Brugulat-09-1000x1000.jpg 1000w\" sizes=\"(max-width: 150px) 100vw, 150px\" \/><\/a>\n\t\t\t<\/dt><\/dl><dl class='gallery-item'>\n\t\t\t<dt class='gallery-icon landscape'>\n\t\t\t\t<a href='https:\/\/nexeimpressions.com\/es\/brugulat-enserio-premi-adg-laus-2023-plata\/b-brugulat-08-2\/'><img decoding=\"async\" width=\"150\" height=\"150\" src=\"https:\/\/nexeimpressions.com\/wp-content\/uploads\/2023\/06\/B-Brugulat-08-150x150.jpg\" class=\"attachment-thumbnail size-thumbnail\" alt=\"\" srcset=\"https:\/\/nexeimpressions.com\/wp-content\/uploads\/2023\/06\/B-Brugulat-08-150x150.jpg 150w, https:\/\/nexeimpressions.com\/wp-content\/uploads\/2023\/06\/B-Brugulat-08-570x570.jpg 570w, https:\/\/nexeimpressions.com\/wp-content\/uploads\/2023\/06\/B-Brugulat-08-500x500.jpg 500w, https:\/\/nexeimpressions.com\/wp-content\/uploads\/2023\/06\/B-Brugulat-08-1000x1000.jpg 1000w\" sizes=\"(max-width: 150px) 100vw, 150px\" \/><\/a>\n\t\t\t<\/dt><\/dl>\n\t\t\t<br style='clear: both' \/>\n\t\t<\/div>\n\n<p>[\/vc_column_text][vc_empty_space][\/vc_column][\/vc_row][vc_row css_animation=\u00bb\u00bb row_type=\u00bbrow\u00bb use_row_as_full_screen_section=\u00bbno\u00bb type=\u00bbfull_width\u00bb angled_section=\u00bbno\u00bb text_align=\u00bbleft\u00bb background_image_as_pattern=\u00bbwithout_pattern\u00bb][vc_column width=\u00bb1\/2&#8243;][vc_column_text]<span style=\"color: #d13f52;\"><strong>Direcci\u00f3n de arte y dise\u00f1o gr\u00e1fico<br \/>\n<\/strong><\/span><a href=\"https:\/\/www.enserio.ws\/ca\/inici\"><b>ENSERIO<\/b><\/a>[\/vc_column_text][vc_empty_space height=\u00bb20px\u00bb][vc_column_text]<span style=\"color: #d13f52;\"><strong>Impresi\u00f3n<br \/>\n<\/strong><\/span><strong>Nexe Impressions<\/strong>[\/vc_column_text][vc_empty_space height=\u00bb20px\u00bb][\/vc_column][vc_column width=\u00bb1\/2&#8243;][vc_column_text]<span style=\"color: #d13f52;\"><strong>Ilustraciones 3D<br \/>\n<\/strong><\/span><b>Marc Sarquella<\/b>[\/vc_column_text][vc_empty_space height=\u00bb20px\u00bb][vc_column_text]<span style=\"color: #d13f52;\"><strong>Fotograf\u00eda<br \/>\n<\/strong><\/span><b><a href=\"https:\/\/www.silviapoch.com\/\">S\u00edlvia Poch<\/a><\/b>[\/vc_column_text][vc_empty_space height=\u00bb20px\u00bb][\/vc_column][\/vc_row][vc_row css_animation=\u00bb\u00bb row_type=\u00bbrow\u00bb use_row_as_full_screen_section=\u00bbno\u00bb type=\u00bbfull_width\u00bb angled_section=\u00bbno\u00bb text_align=\u00bbleft\u00bb background_image_as_pattern=\u00bbwithout_pattern\u00bb][vc_column][vc_empty_space height=\u00bb40px\u00bb][vc_column_text]<\/p>\n<p>Nos ha hecho una gran ilusi\u00f3n haber formado parte de un proyecto premiado en los <a href=\"https:\/\/www.adg-fad.org\/es\/laus\/proyecto\/institut-josep-brugulat\"><strong>Premios ADG Laus 2023<\/strong><\/a>, concretamente con la <strong>Plata<\/strong> en la categor\u00eda de Identidad corporativa media y gran empresa. No s\u00f3lo por lo que representa, sino tambi\u00e9n porque es una victoria de Km 0; el proyecto corre a cargo del estudio <strong>ENSERIO<\/strong> de Banyoles, y esto nos hace sentir como en familia.<\/p>\n<p>El <strong>Brugulat<\/strong> es un instituto de referencia en las comarcas gerundenses, un centro moderno y pionero, con una larga trayectoria en el \u00e1mbito de la formaci\u00f3n profesional. Pero sobre todo es un espacio en el que ocurren cosas. \u00a1Muchas cosas! Un centro vivo y din\u00e1mico donde conviven a diario alrededor de un millar de personas.<\/p>\n<p><strong>Miquel Amela<\/strong> y <strong>Ferran Rodr\u00edguez<\/strong>, fundadores de ENSERIO, han captado a la perfecci\u00f3n el ADN del instituto y sus necesidades en la b\u00fasqueda de una imagen corporativa consistente. El resultado es una identidad vers\u00e1til y rica que se comunica con un lenguaje propio, dotando al Brugulat de una gran personalidad. El dise\u00f1o refleja los valores troncales del centro, como la diversidad, la convivencia, la inclusi\u00f3n, el pensamiento abierto, la modernidad y el atrevimiento. La gr\u00e1fica se adapta a cualquier soporte: papeler\u00eda, paneles y se\u00f1alizaciones, paredes&#8230;<\/p>\n<p>El papel de <strong>Nexe Impressions<\/strong> entra en la producci\u00f3n del material impreso: una revista o diario de 16 p\u00e1ginas donde se plasma la nueva identidad corporativa junto con un art\u00edculo conmemorativo para el aniversario del instituto y donde se presenta la nueva imagen del centro.<\/p>\n<p>Nos enorgullece ver c\u00f3mo el trabajo bien hecho tiene el reconocimiento que le corresponde. Y nosotros siempre apostamos por proyectos singulares donde poner nuestro granito de arena, acompa\u00f1ado del cuidado y detalle que se merecen.[\/vc_column_text][vc_empty_space height=\u00bb70px\u00bb][vc_column_text]<\/p>\n<h3><strong>FICHA T\u00c9CNICA<\/strong><\/h3>\n<p>[\/vc_column_text][vc_empty_space height=\u00bb40px\u00bb][\/vc_column][\/vc_row][vc_column][\/vc_column][vc_column_text]<\/p>\n<h4><strong>Paginaci\u00f3n<\/strong><\/h4>\n<p>[\/vc_column_text][vc_column_text]Revista de 16 p\u00e1ginas[\/vc_column_text][vc_empty_space height=\u00bb30px\u00bb][vc_column_text]<\/p>\n<h4><strong>Formato<\/strong><\/h4>\n<p>[\/vc_column_text][vc_column_text]310 x 480 mm[\/vc_column_text][vc_empty_space height=\u00bb30px\u00bb][vc_column_text]<\/p>\n<h4><strong>Impresi\u00f3n<\/strong><\/h4>\n<p>[\/vc_column_text][vc_column_text]<\/p>\n<p>LED UV a 4+4[\/vc_column_text][vc_empty_space height=\u00bb30px\u00bb][vc_column_text]<\/p>\n<h4><strong>Papel<\/strong><\/h4>\n<p>[\/vc_column_text][vc_column_text]<\/p>\n<p>Arena White Rough 120 g de <a href=\"https:\/\/paper.fedrigoni.com\/esp\/serie\/arena-rough\/\"><strong>Fedrigoni Paper<\/strong><\/a>[\/vc_column_text][vc_empty_space height=\u00bb30px\u00bb][vc_column_text]<\/p>\n<h4><strong>Acabados<\/strong><\/h4>\n<p>[\/vc_column_text][vc_column_text]Plegado y encartado sin grapar[\/vc_column_text][vc_row css_animation=\u00bb\u00bb row_type=\u00bbrow\u00bb use_row_as_full_screen_section=\u00bbno\u00bb type=\u00bbfull_width\u00bb angled_section=\u00bbno\u00bb text_align=\u00bbleft\u00bb background_image_as_pattern=\u00bbwithout_pattern\u00bb][vc_column][vc_column_text]<\/p>\n<p>[vc_empty_space height=\u00bb40px\u00bb][\/vc_column_text][\/vc_column][\/vc_row]<\/p>\n<\/div>","protected":false},"excerpt":{"rendered":"<p>Proyecto premiado en los Premios ADG Laus 2023 con la Plata en la categor\u00eda de Identidad corporativa media y gran empresa. Dise\u00f1o gr\u00e1fico a cargo del estudio ENSERIO.<\/p>\n","protected":false},"author":1,"featured_media":20905,"comment_status":"open","ping_status":"closed","sticky":false,"template":"","format":"gallery","meta":{"footnotes":""},"categories":[607],"tags":[],"class_list":["post-20944","post","type-post","status-publish","format-gallery","has-post-thumbnail","hentry","category-catalegs-es","post_format-post-format-gallery"],"yoast_head":"<!-- This site is optimized with the Yoast SEO plugin v25.0 - https:\/\/yoast.com\/wordpress\/plugins\/seo\/ -->\n<title>Brugulat - ENSERIO. Premio ADG Laus 2023 &#8211; Nexe Impressions<\/title>\n<meta name=\"description\" content=\"Proyecto premiado en los Premios ADG Laus 2023 con la Plata en la categor\u00eda de Identidad corporativa media y gran empresa. Dise\u00f1o gr\u00e1fico a cargo del estudio ENSERIO. Proyecto premiado en los Premios ADG Laus 2023 con la Plata en la categor\u00eda de Identidad corporativa media y gran empresa. Dise\u00f1o gr\u00e1fico a cargo del estudio ENSERIO.\" \/>\n<meta name=\"robots\" content=\"index, follow, max-snippet:-1, max-image-preview:large, max-video-preview:-1\" \/>\n<link rel=\"canonical\" href=\"https:\/\/nexeimpressions.com\/es\/brugulat-enserio-premi-adg-laus-2023-plata\/\" \/>\n<meta property=\"og:locale\" content=\"es_ES\" \/>\n<meta property=\"og:type\" content=\"article\" \/>\n<meta property=\"og:title\" content=\"Brugulat - ENSERIO. Premio ADG Laus 2023 &#8211; Nexe Impressions\" \/>\n<meta property=\"og:description\" content=\"Proyecto premiado en los Premios ADG Laus 2023 con la Plata en la categor\u00eda de Identidad corporativa media y gran empresa. Dise\u00f1o gr\u00e1fico a cargo del estudio ENSERIO. Proyecto premiado en los Premios ADG Laus 2023 con la Plata en la categor\u00eda de Identidad corporativa media y gran empresa. Dise\u00f1o gr\u00e1fico a cargo del estudio ENSERIO.\" \/>\n<meta property=\"og:url\" content=\"https:\/\/nexeimpressions.com\/es\/brugulat-enserio-premi-adg-laus-2023-plata\/\" \/>\n<meta property=\"og:site_name\" content=\"Nexe Impressions\" \/>\n<meta property=\"article:publisher\" content=\"https:\/\/www.facebook.com\/nexeimpressions\" \/>\n<meta property=\"article:published_time\" content=\"2023-06-15T08:30:16+00:00\" \/>\n<meta property=\"article:modified_time\" content=\"2023-06-15T11:17:13+00:00\" \/>\n<meta property=\"og:image\" content=\"https:\/\/nexeimpressions.com\/wp-content\/uploads\/2023\/06\/B-Brugulat-03.jpg\" \/>\n\t<meta property=\"og:image:width\" content=\"1500\" \/>\n\t<meta property=\"og:image:height\" content=\"1000\" \/>\n\t<meta property=\"og:image:type\" content=\"image\/jpeg\" \/>\n<meta name=\"author\" content=\"nexe\" \/>\n<meta name=\"twitter:card\" content=\"summary_large_image\" \/>\n<meta name=\"twitter:label1\" content=\"Escrito por\" \/>\n\t<meta name=\"twitter:data1\" content=\"nexe\" \/>\n\t<meta name=\"twitter:label2\" content=\"Tiempo de lectura\" \/>\n\t<meta name=\"twitter:data2\" content=\"3 minutos\" \/>\n<script type=\"application\/ld+json\" class=\"yoast-schema-graph\">{\"@context\":\"https:\/\/schema.org\",\"@graph\":[{\"@type\":\"WebPage\",\"@id\":\"https:\/\/nexeimpressions.com\/es\/brugulat-enserio-premi-adg-laus-2023-plata\/\",\"url\":\"https:\/\/nexeimpressions.com\/es\/brugulat-enserio-premi-adg-laus-2023-plata\/\",\"name\":\"Brugulat - ENSERIO. Premio ADG Laus 2023 &#8211; Nexe Impressions\",\"isPartOf\":{\"@id\":\"https:\/\/nexeimpressions.com\/es\/#website\"},\"primaryImageOfPage\":{\"@id\":\"https:\/\/nexeimpressions.com\/es\/brugulat-enserio-premi-adg-laus-2023-plata\/#primaryimage\"},\"image\":{\"@id\":\"https:\/\/nexeimpressions.com\/es\/brugulat-enserio-premi-adg-laus-2023-plata\/#primaryimage\"},\"thumbnailUrl\":\"https:\/\/nexeimpressions.com\/wp-content\/uploads\/2023\/06\/B-Brugulat-03.jpg\",\"datePublished\":\"2023-06-15T08:30:16+00:00\",\"dateModified\":\"2023-06-15T11:17:13+00:00\",\"author\":{\"@id\":\"https:\/\/nexeimpressions.com\/es\/#\/schema\/person\/9cd356147ba4e89838e01be5359a62d0\"},\"description\":\"Proyecto premiado en los Premios ADG Laus 2023 con la Plata en la categor\u00eda de Identidad corporativa media y gran empresa. Dise\u00f1o gr\u00e1fico a cargo del estudio ENSERIO. Proyecto premiado en los Premios ADG Laus 2023 con la Plata en la categor\u00eda de Identidad corporativa media y gran empresa. Dise\u00f1o gr\u00e1fico a cargo del estudio ENSERIO.\",\"breadcrumb\":{\"@id\":\"https:\/\/nexeimpressions.com\/es\/brugulat-enserio-premi-adg-laus-2023-plata\/#breadcrumb\"},\"inLanguage\":\"es\",\"potentialAction\":[{\"@type\":\"ReadAction\",\"target\":[\"https:\/\/nexeimpressions.com\/es\/brugulat-enserio-premi-adg-laus-2023-plata\/\"]}]},{\"@type\":\"ImageObject\",\"inLanguage\":\"es\",\"@id\":\"https:\/\/nexeimpressions.com\/es\/brugulat-enserio-premi-adg-laus-2023-plata\/#primaryimage\",\"url\":\"https:\/\/nexeimpressions.com\/wp-content\/uploads\/2023\/06\/B-Brugulat-03.jpg\",\"contentUrl\":\"https:\/\/nexeimpressions.com\/wp-content\/uploads\/2023\/06\/B-Brugulat-03.jpg\",\"width\":1500,\"height\":1000},{\"@type\":\"BreadcrumbList\",\"@id\":\"https:\/\/nexeimpressions.com\/es\/brugulat-enserio-premi-adg-laus-2023-plata\/#breadcrumb\",\"itemListElement\":[{\"@type\":\"ListItem\",\"position\":1,\"name\":\"Home\",\"item\":\"https:\/\/nexeimpressions.com\/es\/\"},{\"@type\":\"ListItem\",\"position\":2,\"name\":\"Brugulat &#8211; ENSERIO. Premio ADG Laus 2023\"}]},{\"@type\":\"WebSite\",\"@id\":\"https:\/\/nexeimpressions.com\/es\/#website\",\"url\":\"https:\/\/nexeimpressions.com\/es\/\",\"name\":\"Nexe Impressions\",\"description\":\"Print worthy\",\"potentialAction\":[{\"@type\":\"SearchAction\",\"target\":{\"@type\":\"EntryPoint\",\"urlTemplate\":\"https:\/\/nexeimpressions.com\/es\/?s={search_term_string}\"},\"query-input\":{\"@type\":\"PropertyValueSpecification\",\"valueRequired\":true,\"valueName\":\"search_term_string\"}}],\"inLanguage\":\"es\"},{\"@type\":\"Person\",\"@id\":\"https:\/\/nexeimpressions.com\/es\/#\/schema\/person\/9cd356147ba4e89838e01be5359a62d0\",\"name\":\"nexe\",\"image\":{\"@type\":\"ImageObject\",\"inLanguage\":\"es\",\"@id\":\"https:\/\/nexeimpressions.com\/es\/#\/schema\/person\/image\/\",\"url\":\"https:\/\/secure.gravatar.com\/avatar\/1b31af11b441709081e19a5258d29fcb920ae3249fa80c00a863bde3cf378dfb?s=96&d=mm&r=g\",\"contentUrl\":\"https:\/\/secure.gravatar.com\/avatar\/1b31af11b441709081e19a5258d29fcb920ae3249fa80c00a863bde3cf378dfb?s=96&d=mm&r=g\",\"caption\":\"nexe\"},\"url\":\"https:\/\/nexeimpressions.com\/es\/author\/admin\/\"}]}<\/script>\n<!-- \/ Yoast SEO plugin. -->","yoast_head_json":{"title":"Brugulat - ENSERIO. Premio ADG Laus 2023 &#8211; Nexe Impressions","description":"Proyecto premiado en los Premios ADG Laus 2023 con la Plata en la categor\u00eda de Identidad corporativa media y gran empresa. Dise\u00f1o gr\u00e1fico a cargo del estudio ENSERIO. Proyecto premiado en los Premios ADG Laus 2023 con la Plata en la categor\u00eda de Identidad corporativa media y gran empresa. Dise\u00f1o gr\u00e1fico a cargo del estudio ENSERIO.","robots":{"index":"index","follow":"follow","max-snippet":"max-snippet:-1","max-image-preview":"max-image-preview:large","max-video-preview":"max-video-preview:-1"},"canonical":"https:\/\/nexeimpressions.com\/es\/brugulat-enserio-premi-adg-laus-2023-plata\/","og_locale":"es_ES","og_type":"article","og_title":"Brugulat - ENSERIO. Premio ADG Laus 2023 &#8211; Nexe Impressions","og_description":"Proyecto premiado en los Premios ADG Laus 2023 con la Plata en la categor\u00eda de Identidad corporativa media y gran empresa. Dise\u00f1o gr\u00e1fico a cargo del estudio ENSERIO. Proyecto premiado en los Premios ADG Laus 2023 con la Plata en la categor\u00eda de Identidad corporativa media y gran empresa. Dise\u00f1o gr\u00e1fico a cargo del estudio ENSERIO.","og_url":"https:\/\/nexeimpressions.com\/es\/brugulat-enserio-premi-adg-laus-2023-plata\/","og_site_name":"Nexe Impressions","article_publisher":"https:\/\/www.facebook.com\/nexeimpressions","article_published_time":"2023-06-15T08:30:16+00:00","article_modified_time":"2023-06-15T11:17:13+00:00","og_image":[{"width":1500,"height":1000,"url":"https:\/\/nexeimpressions.com\/wp-content\/uploads\/2023\/06\/B-Brugulat-03.jpg","type":"image\/jpeg"}],"author":"nexe","twitter_card":"summary_large_image","twitter_misc":{"Escrito por":"nexe","Tiempo de lectura":"3 minutos"},"schema":{"@context":"https:\/\/schema.org","@graph":[{"@type":"WebPage","@id":"https:\/\/nexeimpressions.com\/es\/brugulat-enserio-premi-adg-laus-2023-plata\/","url":"https:\/\/nexeimpressions.com\/es\/brugulat-enserio-premi-adg-laus-2023-plata\/","name":"Brugulat - ENSERIO. Premio ADG Laus 2023 &#8211; Nexe Impressions","isPartOf":{"@id":"https:\/\/nexeimpressions.com\/es\/#website"},"primaryImageOfPage":{"@id":"https:\/\/nexeimpressions.com\/es\/brugulat-enserio-premi-adg-laus-2023-plata\/#primaryimage"},"image":{"@id":"https:\/\/nexeimpressions.com\/es\/brugulat-enserio-premi-adg-laus-2023-plata\/#primaryimage"},"thumbnailUrl":"https:\/\/nexeimpressions.com\/wp-content\/uploads\/2023\/06\/B-Brugulat-03.jpg","datePublished":"2023-06-15T08:30:16+00:00","dateModified":"2023-06-15T11:17:13+00:00","author":{"@id":"https:\/\/nexeimpressions.com\/es\/#\/schema\/person\/9cd356147ba4e89838e01be5359a62d0"},"description":"Proyecto premiado en los Premios ADG Laus 2023 con la Plata en la categor\u00eda de Identidad corporativa media y gran empresa. Dise\u00f1o gr\u00e1fico a cargo del estudio ENSERIO. Proyecto premiado en los Premios ADG Laus 2023 con la Plata en la categor\u00eda de Identidad corporativa media y gran empresa. Dise\u00f1o gr\u00e1fico a cargo del estudio ENSERIO.","breadcrumb":{"@id":"https:\/\/nexeimpressions.com\/es\/brugulat-enserio-premi-adg-laus-2023-plata\/#breadcrumb"},"inLanguage":"es","potentialAction":[{"@type":"ReadAction","target":["https:\/\/nexeimpressions.com\/es\/brugulat-enserio-premi-adg-laus-2023-plata\/"]}]},{"@type":"ImageObject","inLanguage":"es","@id":"https:\/\/nexeimpressions.com\/es\/brugulat-enserio-premi-adg-laus-2023-plata\/#primaryimage","url":"https:\/\/nexeimpressions.com\/wp-content\/uploads\/2023\/06\/B-Brugulat-03.jpg","contentUrl":"https:\/\/nexeimpressions.com\/wp-content\/uploads\/2023\/06\/B-Brugulat-03.jpg","width":1500,"height":1000},{"@type":"BreadcrumbList","@id":"https:\/\/nexeimpressions.com\/es\/brugulat-enserio-premi-adg-laus-2023-plata\/#breadcrumb","itemListElement":[{"@type":"ListItem","position":1,"name":"Home","item":"https:\/\/nexeimpressions.com\/es\/"},{"@type":"ListItem","position":2,"name":"Brugulat &#8211; ENSERIO. Premio ADG Laus 2023"}]},{"@type":"WebSite","@id":"https:\/\/nexeimpressions.com\/es\/#website","url":"https:\/\/nexeimpressions.com\/es\/","name":"Nexe Impressions","description":"Print worthy","potentialAction":[{"@type":"SearchAction","target":{"@type":"EntryPoint","urlTemplate":"https:\/\/nexeimpressions.com\/es\/?s={search_term_string}"},"query-input":{"@type":"PropertyValueSpecification","valueRequired":true,"valueName":"search_term_string"}}],"inLanguage":"es"},{"@type":"Person","@id":"https:\/\/nexeimpressions.com\/es\/#\/schema\/person\/9cd356147ba4e89838e01be5359a62d0","name":"nexe","image":{"@type":"ImageObject","inLanguage":"es","@id":"https:\/\/nexeimpressions.com\/es\/#\/schema\/person\/image\/","url":"https:\/\/secure.gravatar.com\/avatar\/1b31af11b441709081e19a5258d29fcb920ae3249fa80c00a863bde3cf378dfb?s=96&d=mm&r=g","contentUrl":"https:\/\/secure.gravatar.com\/avatar\/1b31af11b441709081e19a5258d29fcb920ae3249fa80c00a863bde3cf378dfb?s=96&d=mm&r=g","caption":"nexe"},"url":"https:\/\/nexeimpressions.com\/es\/author\/admin\/"}]}},"_links":{"self":[{"href":"https:\/\/nexeimpressions.com\/es\/wp-json\/wp\/v2\/posts\/20944","targetHints":{"allow":["GET"]}}],"collection":[{"href":"https:\/\/nexeimpressions.com\/es\/wp-json\/wp\/v2\/posts"}],"about":[{"href":"https:\/\/nexeimpressions.com\/es\/wp-json\/wp\/v2\/types\/post"}],"author":[{"embeddable":true,"href":"https:\/\/nexeimpressions.com\/es\/wp-json\/wp\/v2\/users\/1"}],"replies":[{"embeddable":true,"href":"https:\/\/nexeimpressions.com\/es\/wp-json\/wp\/v2\/comments?post=20944"}],"version-history":[{"count":2,"href":"https:\/\/nexeimpressions.com\/es\/wp-json\/wp\/v2\/posts\/20944\/revisions"}],"predecessor-version":[{"id":20970,"href":"https:\/\/nexeimpressions.com\/es\/wp-json\/wp\/v2\/posts\/20944\/revisions\/20970"}],"wp:featuredmedia":[{"embeddable":true,"href":"https:\/\/nexeimpressions.com\/es\/wp-json\/wp\/v2\/media\/20905"}],"wp:attachment":[{"href":"https:\/\/nexeimpressions.com\/es\/wp-json\/wp\/v2\/media?parent=20944"}],"wp:term":[{"taxonomy":"category","embeddable":true,"href":"https:\/\/nexeimpressions.com\/es\/wp-json\/wp\/v2\/categories?post=20944"},{"taxonomy":"post_tag","embeddable":true,"href":"https:\/\/nexeimpressions.com\/es\/wp-json\/wp\/v2\/tags?post=20944"}],"curies":[{"name":"wp","href":"https:\/\/api.w.org\/{rel}","templated":true}]}}