 {"id":20073,"date":"2022-12-28T08:00:52","date_gmt":"2022-12-28T06:00:52","guid":{"rendered":"https:\/\/www.nexeimpressions.com\/?p=20073"},"modified":"2022-12-28T16:34:17","modified_gmt":"2022-12-28T14:34:17","slug":"els-papers-de-la-guerra-enserio","status":"publish","type":"post","link":"https:\/\/nexeimpressions.com\/fr\/els-papers-de-la-guerra-enserio\/","title":{"rendered":"Els Papers de la Guerra &#8211; Enserio"},"content":{"rendered":"<div class=\"wpb-content-wrapper\"><p>[vc_row css_animation=\u00a0\u00bb\u00a0\u00bb row_type=\u00a0\u00bbrow\u00a0\u00bb use_row_as_full_screen_section=\u00a0\u00bbno\u00a0\u00bb type=\u00a0\u00bbfull_width\u00a0\u00bb angled_section=\u00a0\u00bbno\u00a0\u00bb text_align=\u00a0\u00bbleft\u00a0\u00bb background_image_as_pattern=\u00a0\u00bbwithout_pattern\u00a0\u00bb][vc_column][vc_column_text]<\/p>\r\n<figure class=\"wp-block-gallery has-nested-images columns-default is-cropped wp-block-gallery-1 is-layout-flex wp-block-gallery-is-layout-flex\">[\/vc_column_text][\/vc_column][\/vc_row][vc_row css_animation=\u00a0\u00bb\u00a0\u00bb row_type=\u00a0\u00bbrow\u00a0\u00bb use_row_as_full_screen_section=\u00a0\u00bbno\u00a0\u00bb type=\u00a0\u00bbfull_width\u00a0\u00bb angled_section=\u00a0\u00bbno\u00a0\u00bb text_align=\u00a0\u00bbleft\u00a0\u00bb background_image_as_pattern=\u00a0\u00bbwithout_pattern\u00a0\u00bb][vc_column][vc_column_text]\r\n\n\t\t<style type=\"text\/css\">\n\t\t\t#gallery-1 {\n\t\t\t\tmargin: auto;\n\t\t\t}\n\t\t\t#gallery-1 .gallery-item {\n\t\t\t\tfloat: left;\n\t\t\t\tmargin-top: 10px;\n\t\t\t\ttext-align: center;\n\t\t\t\twidth: 33%;\n\t\t\t}\n\t\t\t#gallery-1 img {\n\t\t\t\tborder: 2px solid #cfcfcf;\n\t\t\t}\n\t\t\t#gallery-1 .gallery-caption {\n\t\t\t\tmargin-left: 0;\n\t\t\t}\n\t\t\t\/* see gallery_shortcode() in wp-includes\/media.php *\/\n\t\t<\/style>\n\t\t<div id='gallery-1' class='gallery galleryid-20073 gallery-columns-3 gallery-size-thumbnail'><dl class='gallery-item'>\n\t\t\t<dt class='gallery-icon landscape'>\n\t\t\t\t<a href='https:\/\/nexeimpressions.com\/fr\/portfolio_page\/els-papers-de-la-guerra-enserio\/_mg_0425-2\/'><img decoding=\"async\" width=\"150\" height=\"150\" src=\"https:\/\/nexeimpressions.com\/wp-content\/uploads\/2022\/12\/MG_0425-150x150.jpg\" class=\"attachment-thumbnail size-thumbnail\" alt=\"\" srcset=\"https:\/\/nexeimpressions.com\/wp-content\/uploads\/2022\/12\/MG_0425-150x150.jpg 150w, https:\/\/nexeimpressions.com\/wp-content\/uploads\/2022\/12\/MG_0425-570x570.jpg 570w, https:\/\/nexeimpressions.com\/wp-content\/uploads\/2022\/12\/MG_0425-500x500.jpg 500w, https:\/\/nexeimpressions.com\/wp-content\/uploads\/2022\/12\/MG_0425-1000x1000.jpg 1000w\" sizes=\"(max-width: 150px) 100vw, 150px\" \/><\/a>\n\t\t\t<\/dt><\/dl><dl class='gallery-item'>\n\t\t\t<dt class='gallery-icon landscape'>\n\t\t\t\t<a href='https:\/\/nexeimpressions.com\/fr\/portfolio_page\/els-papers-de-la-guerra-enserio\/mg_0424-2\/'><img decoding=\"async\" width=\"150\" height=\"150\" src=\"https:\/\/nexeimpressions.com\/wp-content\/uploads\/2022\/12\/MG_0424-150x150.jpg\" class=\"attachment-thumbnail size-thumbnail\" alt=\"\" srcset=\"https:\/\/nexeimpressions.com\/wp-content\/uploads\/2022\/12\/MG_0424-150x150.jpg 150w, https:\/\/nexeimpressions.com\/wp-content\/uploads\/2022\/12\/MG_0424-570x570.jpg 570w, https:\/\/nexeimpressions.com\/wp-content\/uploads\/2022\/12\/MG_0424-500x500.jpg 500w, https:\/\/nexeimpressions.com\/wp-content\/uploads\/2022\/12\/MG_0424-1000x1000.jpg 1000w\" sizes=\"(max-width: 150px) 100vw, 150px\" \/><\/a>\n\t\t\t<\/dt><\/dl><dl class='gallery-item'>\n\t\t\t<dt class='gallery-icon landscape'>\n\t\t\t\t<a href='https:\/\/nexeimpressions.com\/fr\/portfolio_page\/els-papers-de-la-guerra-enserio\/_mg_0447-2\/'><img decoding=\"async\" width=\"150\" height=\"150\" src=\"https:\/\/nexeimpressions.com\/wp-content\/uploads\/2022\/12\/MG_0447-150x150.jpg\" class=\"attachment-thumbnail size-thumbnail\" alt=\"\" srcset=\"https:\/\/nexeimpressions.com\/wp-content\/uploads\/2022\/12\/MG_0447-150x150.jpg 150w, https:\/\/nexeimpressions.com\/wp-content\/uploads\/2022\/12\/MG_0447-570x570.jpg 570w, https:\/\/nexeimpressions.com\/wp-content\/uploads\/2022\/12\/MG_0447-500x500.jpg 500w, https:\/\/nexeimpressions.com\/wp-content\/uploads\/2022\/12\/MG_0447-1000x1000.jpg 1000w\" sizes=\"(max-width: 150px) 100vw, 150px\" \/><\/a>\n\t\t\t<\/dt><\/dl><br style=\"clear: both\" \/><dl class='gallery-item'>\n\t\t\t<dt class='gallery-icon landscape'>\n\t\t\t\t<a href='https:\/\/nexeimpressions.com\/fr\/portfolio_page\/els-papers-de-la-guerra-enserio\/_mg_0444-2\/'><img decoding=\"async\" width=\"150\" height=\"150\" src=\"https:\/\/nexeimpressions.com\/wp-content\/uploads\/2022\/12\/MG_0444-150x150.jpg\" class=\"attachment-thumbnail size-thumbnail\" alt=\"\" srcset=\"https:\/\/nexeimpressions.com\/wp-content\/uploads\/2022\/12\/MG_0444-150x150.jpg 150w, https:\/\/nexeimpressions.com\/wp-content\/uploads\/2022\/12\/MG_0444-570x570.jpg 570w, https:\/\/nexeimpressions.com\/wp-content\/uploads\/2022\/12\/MG_0444-500x500.jpg 500w, https:\/\/nexeimpressions.com\/wp-content\/uploads\/2022\/12\/MG_0444-1000x1000.jpg 1000w\" sizes=\"(max-width: 150px) 100vw, 150px\" \/><\/a>\n\t\t\t<\/dt><\/dl><dl class='gallery-item'>\n\t\t\t<dt class='gallery-icon landscape'>\n\t\t\t\t<a href='https:\/\/nexeimpressions.com\/fr\/portfolio_page\/els-papers-de-la-guerra-enserio\/_mg_0442-2\/'><img decoding=\"async\" width=\"150\" height=\"150\" src=\"https:\/\/nexeimpressions.com\/wp-content\/uploads\/2022\/12\/MG_0442-150x150.jpg\" class=\"attachment-thumbnail size-thumbnail\" alt=\"\" srcset=\"https:\/\/nexeimpressions.com\/wp-content\/uploads\/2022\/12\/MG_0442-150x150.jpg 150w, https:\/\/nexeimpressions.com\/wp-content\/uploads\/2022\/12\/MG_0442-570x570.jpg 570w, https:\/\/nexeimpressions.com\/wp-content\/uploads\/2022\/12\/MG_0442-500x500.jpg 500w, https:\/\/nexeimpressions.com\/wp-content\/uploads\/2022\/12\/MG_0442-1000x1000.jpg 1000w\" sizes=\"(max-width: 150px) 100vw, 150px\" \/><\/a>\n\t\t\t<\/dt><\/dl><dl class='gallery-item'>\n\t\t\t<dt class='gallery-icon landscape'>\n\t\t\t\t<a href='https:\/\/nexeimpressions.com\/fr\/portfolio_page\/els-papers-de-la-guerra-enserio\/_mg_0441-2\/'><img decoding=\"async\" width=\"150\" height=\"150\" src=\"https:\/\/nexeimpressions.com\/wp-content\/uploads\/2022\/12\/MG_0441-150x150.jpg\" class=\"attachment-thumbnail size-thumbnail\" alt=\"\" srcset=\"https:\/\/nexeimpressions.com\/wp-content\/uploads\/2022\/12\/MG_0441-150x150.jpg 150w, https:\/\/nexeimpressions.com\/wp-content\/uploads\/2022\/12\/MG_0441-570x570.jpg 570w, https:\/\/nexeimpressions.com\/wp-content\/uploads\/2022\/12\/MG_0441-500x500.jpg 500w, https:\/\/nexeimpressions.com\/wp-content\/uploads\/2022\/12\/MG_0441-1000x1000.jpg 1000w\" sizes=\"(max-width: 150px) 100vw, 150px\" \/><\/a>\n\t\t\t<\/dt><\/dl><br style=\"clear: both\" \/><dl class='gallery-item'>\n\t\t\t<dt class='gallery-icon landscape'>\n\t\t\t\t<a href='https:\/\/nexeimpressions.com\/fr\/portfolio_page\/els-papers-de-la-guerra-enserio\/_mg_0440-2\/'><img decoding=\"async\" width=\"150\" height=\"150\" src=\"https:\/\/nexeimpressions.com\/wp-content\/uploads\/2022\/12\/MG_0440-150x150.jpg\" class=\"attachment-thumbnail size-thumbnail\" alt=\"\" srcset=\"https:\/\/nexeimpressions.com\/wp-content\/uploads\/2022\/12\/MG_0440-150x150.jpg 150w, https:\/\/nexeimpressions.com\/wp-content\/uploads\/2022\/12\/MG_0440-570x570.jpg 570w, https:\/\/nexeimpressions.com\/wp-content\/uploads\/2022\/12\/MG_0440-500x500.jpg 500w, https:\/\/nexeimpressions.com\/wp-content\/uploads\/2022\/12\/MG_0440-1000x1000.jpg 1000w\" sizes=\"(max-width: 150px) 100vw, 150px\" \/><\/a>\n\t\t\t<\/dt><\/dl><dl class='gallery-item'>\n\t\t\t<dt class='gallery-icon landscape'>\n\t\t\t\t<a href='https:\/\/nexeimpressions.com\/fr\/portfolio_page\/els-papers-de-la-guerra-enserio\/_mg_0439-2\/'><img decoding=\"async\" width=\"150\" height=\"150\" src=\"https:\/\/nexeimpressions.com\/wp-content\/uploads\/2022\/12\/MG_0439-150x150.jpg\" class=\"attachment-thumbnail size-thumbnail\" alt=\"\" srcset=\"https:\/\/nexeimpressions.com\/wp-content\/uploads\/2022\/12\/MG_0439-150x150.jpg 150w, https:\/\/nexeimpressions.com\/wp-content\/uploads\/2022\/12\/MG_0439-570x570.jpg 570w, https:\/\/nexeimpressions.com\/wp-content\/uploads\/2022\/12\/MG_0439-500x500.jpg 500w, https:\/\/nexeimpressions.com\/wp-content\/uploads\/2022\/12\/MG_0439-1000x1000.jpg 1000w\" sizes=\"(max-width: 150px) 100vw, 150px\" \/><\/a>\n\t\t\t<\/dt><\/dl><dl class='gallery-item'>\n\t\t\t<dt class='gallery-icon landscape'>\n\t\t\t\t<a href='https:\/\/nexeimpressions.com\/fr\/portfolio_page\/els-papers-de-la-guerra-enserio\/_mg_0438-2\/'><img decoding=\"async\" width=\"150\" height=\"150\" src=\"https:\/\/nexeimpressions.com\/wp-content\/uploads\/2022\/12\/MG_0438-150x150.jpg\" class=\"attachment-thumbnail size-thumbnail\" alt=\"\" srcset=\"https:\/\/nexeimpressions.com\/wp-content\/uploads\/2022\/12\/MG_0438-150x150.jpg 150w, https:\/\/nexeimpressions.com\/wp-content\/uploads\/2022\/12\/MG_0438-570x570.jpg 570w, https:\/\/nexeimpressions.com\/wp-content\/uploads\/2022\/12\/MG_0438-500x500.jpg 500w, https:\/\/nexeimpressions.com\/wp-content\/uploads\/2022\/12\/MG_0438-1000x1000.jpg 1000w\" sizes=\"(max-width: 150px) 100vw, 150px\" \/><\/a>\n\t\t\t<\/dt><\/dl><br style=\"clear: both\" \/><dl class='gallery-item'>\n\t\t\t<dt class='gallery-icon landscape'>\n\t\t\t\t<a href='https:\/\/nexeimpressions.com\/fr\/portfolio_page\/els-papers-de-la-guerra-enserio\/_mg_0437-2\/'><img decoding=\"async\" width=\"150\" height=\"150\" src=\"https:\/\/nexeimpressions.com\/wp-content\/uploads\/2022\/12\/MG_0437-150x150.jpg\" class=\"attachment-thumbnail size-thumbnail\" alt=\"\" srcset=\"https:\/\/nexeimpressions.com\/wp-content\/uploads\/2022\/12\/MG_0437-150x150.jpg 150w, https:\/\/nexeimpressions.com\/wp-content\/uploads\/2022\/12\/MG_0437-570x570.jpg 570w, https:\/\/nexeimpressions.com\/wp-content\/uploads\/2022\/12\/MG_0437-500x500.jpg 500w, https:\/\/nexeimpressions.com\/wp-content\/uploads\/2022\/12\/MG_0437-1000x1000.jpg 1000w\" sizes=\"(max-width: 150px) 100vw, 150px\" \/><\/a>\n\t\t\t<\/dt><\/dl><dl class='gallery-item'>\n\t\t\t<dt class='gallery-icon landscape'>\n\t\t\t\t<a href='https:\/\/nexeimpressions.com\/fr\/portfolio_page\/els-papers-de-la-guerra-enserio\/_mg_0436-2\/'><img decoding=\"async\" width=\"150\" height=\"150\" src=\"https:\/\/nexeimpressions.com\/wp-content\/uploads\/2022\/12\/MG_0436-150x150.jpg\" class=\"attachment-thumbnail size-thumbnail\" alt=\"\" srcset=\"https:\/\/nexeimpressions.com\/wp-content\/uploads\/2022\/12\/MG_0436-150x150.jpg 150w, https:\/\/nexeimpressions.com\/wp-content\/uploads\/2022\/12\/MG_0436-570x570.jpg 570w, https:\/\/nexeimpressions.com\/wp-content\/uploads\/2022\/12\/MG_0436-500x500.jpg 500w, https:\/\/nexeimpressions.com\/wp-content\/uploads\/2022\/12\/MG_0436-1000x1000.jpg 1000w\" sizes=\"(max-width: 150px) 100vw, 150px\" \/><\/a>\n\t\t\t<\/dt><\/dl><dl class='gallery-item'>\n\t\t\t<dt class='gallery-icon landscape'>\n\t\t\t\t<a href='https:\/\/nexeimpressions.com\/fr\/portfolio_page\/els-papers-de-la-guerra-enserio\/_mg_0435-2\/'><img decoding=\"async\" width=\"150\" height=\"150\" src=\"https:\/\/nexeimpressions.com\/wp-content\/uploads\/2022\/12\/MG_0435-150x150.jpg\" class=\"attachment-thumbnail size-thumbnail\" alt=\"\" srcset=\"https:\/\/nexeimpressions.com\/wp-content\/uploads\/2022\/12\/MG_0435-150x150.jpg 150w, https:\/\/nexeimpressions.com\/wp-content\/uploads\/2022\/12\/MG_0435-570x570.jpg 570w, https:\/\/nexeimpressions.com\/wp-content\/uploads\/2022\/12\/MG_0435-500x500.jpg 500w, https:\/\/nexeimpressions.com\/wp-content\/uploads\/2022\/12\/MG_0435-1000x1000.jpg 1000w\" sizes=\"(max-width: 150px) 100vw, 150px\" \/><\/a>\n\t\t\t<\/dt><\/dl><br style=\"clear: both\" \/><dl class='gallery-item'>\n\t\t\t<dt class='gallery-icon landscape'>\n\t\t\t\t<a href='https:\/\/nexeimpressions.com\/fr\/portfolio_page\/els-papers-de-la-guerra-enserio\/_mg_0434-2\/'><img decoding=\"async\" width=\"150\" height=\"150\" src=\"https:\/\/nexeimpressions.com\/wp-content\/uploads\/2022\/12\/MG_0434-150x150.jpg\" class=\"attachment-thumbnail size-thumbnail\" alt=\"\" srcset=\"https:\/\/nexeimpressions.com\/wp-content\/uploads\/2022\/12\/MG_0434-150x150.jpg 150w, https:\/\/nexeimpressions.com\/wp-content\/uploads\/2022\/12\/MG_0434-570x570.jpg 570w, https:\/\/nexeimpressions.com\/wp-content\/uploads\/2022\/12\/MG_0434-500x500.jpg 500w, https:\/\/nexeimpressions.com\/wp-content\/uploads\/2022\/12\/MG_0434-1000x1000.jpg 1000w\" sizes=\"(max-width: 150px) 100vw, 150px\" \/><\/a>\n\t\t\t<\/dt><\/dl><dl class='gallery-item'>\n\t\t\t<dt class='gallery-icon landscape'>\n\t\t\t\t<a href='https:\/\/nexeimpressions.com\/fr\/portfolio_page\/els-papers-de-la-guerra-enserio\/_mg_0433-2\/'><img decoding=\"async\" width=\"150\" height=\"150\" src=\"https:\/\/nexeimpressions.com\/wp-content\/uploads\/2022\/12\/MG_0433-150x150.jpg\" class=\"attachment-thumbnail size-thumbnail\" alt=\"\" srcset=\"https:\/\/nexeimpressions.com\/wp-content\/uploads\/2022\/12\/MG_0433-150x150.jpg 150w, https:\/\/nexeimpressions.com\/wp-content\/uploads\/2022\/12\/MG_0433-570x570.jpg 570w, https:\/\/nexeimpressions.com\/wp-content\/uploads\/2022\/12\/MG_0433-500x500.jpg 500w, https:\/\/nexeimpressions.com\/wp-content\/uploads\/2022\/12\/MG_0433-1000x1000.jpg 1000w\" sizes=\"(max-width: 150px) 100vw, 150px\" \/><\/a>\n\t\t\t<\/dt><\/dl><dl class='gallery-item'>\n\t\t\t<dt class='gallery-icon landscape'>\n\t\t\t\t<a href='https:\/\/nexeimpressions.com\/fr\/portfolio_page\/els-papers-de-la-guerra-enserio\/_mg_0432-2\/'><img decoding=\"async\" width=\"150\" height=\"150\" src=\"https:\/\/nexeimpressions.com\/wp-content\/uploads\/2022\/12\/MG_0432-150x150.jpg\" class=\"attachment-thumbnail size-thumbnail\" alt=\"\" srcset=\"https:\/\/nexeimpressions.com\/wp-content\/uploads\/2022\/12\/MG_0432-150x150.jpg 150w, https:\/\/nexeimpressions.com\/wp-content\/uploads\/2022\/12\/MG_0432-570x570.jpg 570w, https:\/\/nexeimpressions.com\/wp-content\/uploads\/2022\/12\/MG_0432-500x500.jpg 500w, https:\/\/nexeimpressions.com\/wp-content\/uploads\/2022\/12\/MG_0432-1000x1000.jpg 1000w\" sizes=\"(max-width: 150px) 100vw, 150px\" \/><\/a>\n\t\t\t<\/dt><\/dl><br style=\"clear: both\" \/><dl class='gallery-item'>\n\t\t\t<dt class='gallery-icon landscape'>\n\t\t\t\t<a href='https:\/\/nexeimpressions.com\/fr\/portfolio_page\/els-papers-de-la-guerra-enserio\/_mg_0431-2\/'><img decoding=\"async\" width=\"150\" height=\"150\" src=\"https:\/\/nexeimpressions.com\/wp-content\/uploads\/2022\/12\/MG_0431-150x150.jpg\" class=\"attachment-thumbnail size-thumbnail\" alt=\"\" srcset=\"https:\/\/nexeimpressions.com\/wp-content\/uploads\/2022\/12\/MG_0431-150x150.jpg 150w, https:\/\/nexeimpressions.com\/wp-content\/uploads\/2022\/12\/MG_0431-570x570.jpg 570w, https:\/\/nexeimpressions.com\/wp-content\/uploads\/2022\/12\/MG_0431-500x500.jpg 500w, https:\/\/nexeimpressions.com\/wp-content\/uploads\/2022\/12\/MG_0431-1000x1000.jpg 1000w\" sizes=\"(max-width: 150px) 100vw, 150px\" \/><\/a>\n\t\t\t<\/dt><\/dl><dl class='gallery-item'>\n\t\t\t<dt class='gallery-icon landscape'>\n\t\t\t\t<a href='https:\/\/nexeimpressions.com\/fr\/portfolio_page\/els-papers-de-la-guerra-enserio\/_mg_0430-2\/'><img decoding=\"async\" width=\"150\" height=\"150\" src=\"https:\/\/nexeimpressions.com\/wp-content\/uploads\/2022\/12\/MG_0430-150x150.jpg\" class=\"attachment-thumbnail size-thumbnail\" alt=\"\" srcset=\"https:\/\/nexeimpressions.com\/wp-content\/uploads\/2022\/12\/MG_0430-150x150.jpg 150w, https:\/\/nexeimpressions.com\/wp-content\/uploads\/2022\/12\/MG_0430-570x570.jpg 570w, https:\/\/nexeimpressions.com\/wp-content\/uploads\/2022\/12\/MG_0430-500x500.jpg 500w, https:\/\/nexeimpressions.com\/wp-content\/uploads\/2022\/12\/MG_0430-1000x1000.jpg 1000w\" sizes=\"(max-width: 150px) 100vw, 150px\" \/><\/a>\n\t\t\t<\/dt><\/dl><dl class='gallery-item'>\n\t\t\t<dt class='gallery-icon landscape'>\n\t\t\t\t<a href='https:\/\/nexeimpressions.com\/fr\/portfolio_page\/els-papers-de-la-guerra-enserio\/_mg_0429-2\/'><img decoding=\"async\" width=\"150\" height=\"150\" src=\"https:\/\/nexeimpressions.com\/wp-content\/uploads\/2022\/12\/MG_0429-150x150.jpg\" class=\"attachment-thumbnail size-thumbnail\" alt=\"\" srcset=\"https:\/\/nexeimpressions.com\/wp-content\/uploads\/2022\/12\/MG_0429-150x150.jpg 150w, https:\/\/nexeimpressions.com\/wp-content\/uploads\/2022\/12\/MG_0429-570x570.jpg 570w, https:\/\/nexeimpressions.com\/wp-content\/uploads\/2022\/12\/MG_0429-500x500.jpg 500w, https:\/\/nexeimpressions.com\/wp-content\/uploads\/2022\/12\/MG_0429-1000x1000.jpg 1000w\" sizes=\"(max-width: 150px) 100vw, 150px\" \/><\/a>\n\t\t\t<\/dt><\/dl><br style=\"clear: both\" \/><dl class='gallery-item'>\n\t\t\t<dt class='gallery-icon landscape'>\n\t\t\t\t<a href='https:\/\/nexeimpressions.com\/fr\/portfolio_page\/els-papers-de-la-guerra-enserio\/_mg_0428-2\/'><img decoding=\"async\" width=\"150\" height=\"150\" src=\"https:\/\/nexeimpressions.com\/wp-content\/uploads\/2022\/12\/MG_0428-150x150.jpg\" class=\"attachment-thumbnail size-thumbnail\" alt=\"\" srcset=\"https:\/\/nexeimpressions.com\/wp-content\/uploads\/2022\/12\/MG_0428-150x150.jpg 150w, https:\/\/nexeimpressions.com\/wp-content\/uploads\/2022\/12\/MG_0428-570x570.jpg 570w, https:\/\/nexeimpressions.com\/wp-content\/uploads\/2022\/12\/MG_0428-500x500.jpg 500w, https:\/\/nexeimpressions.com\/wp-content\/uploads\/2022\/12\/MG_0428-1000x1000.jpg 1000w\" sizes=\"(max-width: 150px) 100vw, 150px\" \/><\/a>\n\t\t\t<\/dt><\/dl><dl class='gallery-item'>\n\t\t\t<dt class='gallery-icon landscape'>\n\t\t\t\t<a href='https:\/\/nexeimpressions.com\/fr\/portfolio_page\/els-papers-de-la-guerra-enserio\/_mg_0427-2\/'><img decoding=\"async\" width=\"150\" height=\"150\" src=\"https:\/\/nexeimpressions.com\/wp-content\/uploads\/2022\/12\/MG_0427-150x150.jpg\" class=\"attachment-thumbnail size-thumbnail\" alt=\"\" srcset=\"https:\/\/nexeimpressions.com\/wp-content\/uploads\/2022\/12\/MG_0427-150x150.jpg 150w, https:\/\/nexeimpressions.com\/wp-content\/uploads\/2022\/12\/MG_0427-570x570.jpg 570w, https:\/\/nexeimpressions.com\/wp-content\/uploads\/2022\/12\/MG_0427-500x500.jpg 500w, https:\/\/nexeimpressions.com\/wp-content\/uploads\/2022\/12\/MG_0427-1000x1000.jpg 1000w\" sizes=\"(max-width: 150px) 100vw, 150px\" \/><\/a>\n\t\t\t<\/dt><\/dl><dl class='gallery-item'>\n\t\t\t<dt class='gallery-icon landscape'>\n\t\t\t\t<a href='https:\/\/nexeimpressions.com\/fr\/portfolio_page\/els-papers-de-la-guerra-enserio\/_mg_0426-2\/'><img decoding=\"async\" width=\"150\" height=\"150\" src=\"https:\/\/nexeimpressions.com\/wp-content\/uploads\/2022\/12\/MG_0426-150x150.jpg\" class=\"attachment-thumbnail size-thumbnail\" alt=\"\" srcset=\"https:\/\/nexeimpressions.com\/wp-content\/uploads\/2022\/12\/MG_0426-150x150.jpg 150w, https:\/\/nexeimpressions.com\/wp-content\/uploads\/2022\/12\/MG_0426-570x570.jpg 570w, https:\/\/nexeimpressions.com\/wp-content\/uploads\/2022\/12\/MG_0426-500x500.jpg 500w, https:\/\/nexeimpressions.com\/wp-content\/uploads\/2022\/12\/MG_0426-1000x1000.jpg 1000w\" sizes=\"(max-width: 150px) 100vw, 150px\" \/><\/a>\n\t\t\t<\/dt><\/dl><br style=\"clear: both\" \/>\n\t\t<\/div>\n\r\n<p>[\/vc_column_text][vc_empty_space][\/vc_column][\/vc_row][vc_row css_animation=\u00a0\u00bb\u00a0\u00bb row_type=\u00a0\u00bbrow\u00a0\u00bb use_row_as_full_screen_section=\u00a0\u00bbno\u00a0\u00bb type=\u00a0\u00bbfull_width\u00a0\u00bb angled_section=\u00a0\u00bbno\u00a0\u00bb text_align=\u00a0\u00bbleft\u00a0\u00bb background_image_as_pattern=\u00a0\u00bbwithout_pattern\u00a0\u00bb][vc_column width=\u00a0\u00bb1\/2&Prime;][vc_column_text]<\/p>\r\n<p><span style=\"color: #d13f52;\"><strong>Client<br \/><\/strong><\/span><a href=\"https:\/\/www.enserio.ws\/ca\/projectes\" target=\"_blank\" rel=\"noopener\"><b>ENSERIO<\/b><\/a><\/p>\r\n<p>[\/vc_column_text][vc_empty_space height=\u00a0\u00bb20px\u00a0\u00bb][vc_column_text]<\/p>\r\n<p><span style=\"color: #d13f52;\"><strong>Imprimer<br \/><\/strong><\/span><strong>Nexe Impressions<\/strong><\/p>\r\n<p>[\/vc_column_text][vc_empty_space height=\u00a0\u00bb20px\u00a0\u00bb][\/vc_column][vc_column width=\u00a0\u00bb1\/2&Prime;][vc_column_text]<\/p>\r\n<p><span style=\"color: #d13f52;\"><strong>Projet graphique<br \/><\/strong><\/span><strong>Enserio<\/strong><\/p>\r\n<p>[\/vc_column_text][vc_empty_space height=\u00a0\u00bb20px\u00a0\u00bb][vc_column_text]<\/p>\r\n<p><span style=\"color: #d13f52;\"><strong>Projet<br \/><\/strong><\/span><strong>Els Papers de la Guerra<\/strong><\/p>\r\n<p>[\/vc_column_text][vc_empty_space height=\u00a0\u00bb20px\u00a0\u00bb][vc_column_text]<\/p>\r\n<p><span style=\"color: #d13f52;\"><strong>\u00c9dition<br \/><\/strong><\/span><strong>Editat per la familia Pepe Castells i Pubill<\/strong><\/p>\r\n<p>[\/vc_column_text][vc_empty_space height=\u00a0\u00bb20px\u00a0\u00bb][\/vc_column][\/vc_row][vc_row css_animation=\u00a0\u00bb\u00a0\u00bb row_type=\u00a0\u00bbrow\u00a0\u00bb use_row_as_full_screen_section=\u00a0\u00bbno\u00a0\u00bb type=\u00a0\u00bbfull_width\u00a0\u00bb angled_section=\u00a0\u00bbno\u00a0\u00bb text_align=\u00a0\u00bbleft\u00a0\u00bb background_image_as_pattern=\u00a0\u00bbwithout_pattern\u00a0\u00bb][vc_column][vc_empty_space height=\u00a0\u00bb40px\u00a0\u00bb][vc_column_text]<span data-contrast=\"auto\">Els Papers de la Guerra &#8211; Enserio<\/span>[\/vc_column_text][vc_empty_space height=\u00a0\u00bb20px\u00a0\u00bb][vc_column_text]<\/p>\r\n<p>Nous sommes tr\u00e8s heureux de pouvoir participer \u00e0 ce projet attachant des <strong><a href=\"https:\/\/www.verkami.com\/projects\/34109-papers-de-la-guerra-pepe-castells-i-pubill\" target=\"_blank\" rel=\"noopener\">Papers de la Guerra<\/a><\/strong>\u00a0, \u00e9dit\u00e9 par la famille de <strong>Pep Castells et Pubill,<\/strong> et coordonn\u00e9 et con\u00e7u par le studio <a href=\"https:\/\/www.enserio.ws\/ca\/projectes\" target=\"_blank\" rel=\"noopener\"><strong>ENSERIO<\/strong><\/a> de Banyoles. Un t\u00e9moin intra-historique, tr\u00e8s particulier et extraordinaire, l&rsquo;un des nombreux t\u00e9moins qui ont secou\u00e9 toute une g\u00e9n\u00e9ration et dont nous sommes tous les enfants, petits-enfants, arri\u00e8re-petits-enfants ou m\u00eame arri\u00e8re-arri\u00e8re-petits-enfants, dans certains cas. La vision et la perspective d&rsquo;une trag\u00e9die, la guerre civile espagnole, magnifiquement document\u00e9e par l&rsquo;auteur et protagoniste de cette histoire personnelle, que ses petits-enfants ont d\u00e9cid\u00e9 de publier en raison de la grande valeur qu&rsquo;elle repr\u00e9sente pour sa famille, qui lui rend hommage en la publiant, mais aussi en raison de sa valeur pour la r\u00e9cup\u00e9ration de la m\u00e9moire historique dans notre pays.<\/p>\r\n<p>&nbsp;<\/p>\r\n<p><em>\u00ab\u00a0&#8230; nous, les petits-enfants, savions qu&rsquo;il avait fait la guerre, qu&rsquo;il avait m\u00eame \u00e9t\u00e9 bless\u00e9 par un \u00e9clat d&rsquo;obus&#8230; Mais gu\u00e8re plus : qu&rsquo;il avait \u00e9t\u00e9 appel\u00e9 sous les drapeaux alors qu&rsquo;il \u00e9tait encore tr\u00e8s jeune ; qu&rsquo;il avait laiss\u00e9 sa m\u00e8re, grand-m\u00e8re Lola, veuve &#8211; son p\u00e8re \u00e9tait mort un peu plus de six mois auparavant &#8211; avec deux enfants \u00e0 sa charge, Ramona et Quim, qui n&rsquo;\u00e9tait qu&rsquo;un gar\u00e7on de seize ans qui assumait d\u00e9sormais la responsabilit\u00e9 d&rsquo;\u00eatre l&rsquo;homme de la maison. Jusqu&rsquo;\u00e0 ce que nous mettions la main sur ce tr\u00e9sor, ce carnet qui avait \u00e9t\u00e9 cach\u00e9 pendant tant d&rsquo;ann\u00e9es. Dans le grenier, au-dessus du lavabo du couloir ; dans un coin de l&rsquo;armoire de sa chambre \u00e0 coucher ; dans le meuble en verre de la grande salle \u00e0 manger, en haut ; dans le salon&#8230; Chacun de nous s&rsquo;en souvient dans une cachette diff\u00e9rente!<\/em> (extrait de la pr\u00e9face de N\u00faria Castells, petite-fille de Pepe Castells)<\/p>\r\n<p>&nbsp;<\/p>\r\n<p>Papers de la Guerra est un r\u00e9cit de la guerre civile, racont\u00e9 de l&rsquo;int\u00e9rieur et \u00e0 la premi\u00e8re personne. Un objet de grande valeur documentaire qui contribue \u00e0 la diffusion de la m\u00e9moire collective de la Catalogne. Un projet d&rsquo;\u00e9dition avec une approche non conventionnelle. Une exp\u00e9rience qui transcende le papier. En tant qu&rsquo;imprimeur, il a \u00e9t\u00e9 particuli\u00e8rement \u00e9mouvant de pouvoir participer \u00e0 ce projet, car mon p\u00e8re (\u00e9galement imprimeur), Dieu ait son \u00e2me, \u00e9tait un enfant de l&rsquo;apr\u00e8s-guerre espagnol, et donc une victime indirecte de cette guerre civile d\u00e9vastatrice. Dans son cas, il s&rsquo;agit d&rsquo;un orphelin de l&rsquo;apr\u00e8s-guerre qui a pass\u00e9 son enfance dans l&rsquo;hospice de G\u00e9rone, et dont nous avons d\u00e9couvert il y a un peu plus de deux ans l&rsquo;histoire de sa (notre) famille, apr\u00e8s plus de 77 ans d&rsquo;oubli, gr\u00e2ce aussi \u00e0 l&rsquo;excellent travail de l&rsquo;historienne <strong><a href=\"https:\/\/nexeimpressions.com\/hospici-de-girona\/\" target=\"_blank\" rel=\"noopener\">C\u00e9line Bustos<\/a><\/strong><\/p>\r\n<p>&nbsp;<\/p>\r\n<p>L&rsquo;ensemble des documents a \u00e9t\u00e9 magnifiquement con\u00e7u et bichonn\u00e9, depuis le concept graphique jusqu&rsquo;au choix des mat\u00e9riaux, qui ont cherch\u00e9 \u00e0 conserver et \u00e0 respecter l&rsquo;esprit et le format le plus proche possible des papiers de guerre de Pepe Castells, par Miquel Amela et Ferran Rodr\u00edguez du studio <strong>ENSERIO<\/strong> Banyoles. Chez <strong>Nexe Impressions<\/strong>, nous avons conseill\u00e9, coordonn\u00e9, s\u00e9lectionn\u00e9, imprim\u00e9, reli\u00e9 et veill\u00e9 \u00e0 ce que l&rsquo;ensemble du processus graphique refl\u00e8te l&rsquo;esprit que la famille, en tant qu&rsquo;\u00e9diteurs, et les concepteurs nous ont demand\u00e9. \u00catre fid\u00e8le \u00e0 l&rsquo;\u0153uvre originale. Un processus de production graphique qui a n\u00e9cessit\u00e9 la coordination et la supervision de plusieurs ateliers et ateliers graphiques.<\/p>\r\n<p>[\/vc_column_text][vc_empty_space height=\u00a0\u00bb70px\u00a0\u00bb][vc_column_text]<\/p>\r\n<h3><strong>SP\u00c9CIFICATIONS TECHNIQUES:<\/strong><\/h3>\r\n<p>[\/vc_column_text][vc_empty_space height=\u00a0\u00bb40px\u00a0\u00bb][\/vc_column][\/vc_row][vc_row css_animation=\u00a0\u00bb\u00a0\u00bb row_type=\u00a0\u00bbrow\u00a0\u00bb use_row_as_full_screen_section=\u00a0\u00bbno\u00a0\u00bb type=\u00a0\u00bbfull_width\u00a0\u00bb angled_section=\u00a0\u00bbno\u00a0\u00bb text_align=\u00a0\u00bbleft\u00a0\u00bb background_image_as_pattern=\u00a0\u00bbwithout_pattern\u00a0\u00bb][vc_column width=\u00a0\u00bb1\/2&Prime;][vc_column_text]<\/p>\r\n<h4><strong>Livre<\/strong><\/h4>\r\n<p>[\/vc_column_text][vc_empty_space height=\u00a0\u00bb20px\u00a0\u00bb][vc_column_text]<\/p>\r\n<p>Format: 16,5 x 23,5 cm<br \/>Pages: 224 int\u00e9rieur + couvertures diptyques.<br \/>Imprim\u00e9 Int\u00e9rieur : 4+4 LED UV<br \/>Couverture: 1+1<br \/>Papier Int\u00e9rieur : Arena Natural White de 100 g.<br \/>Couverture: Fedrigoni Materica Verdigris 360g.<br \/>Reliure: cousue en fil blanc apparent Finition de l&rsquo;impression : dorure \u00e0 chaud noir sur 50% de la surface<\/p>\r\n<p>[\/vc_column_text][vc_empty_space height=\u00a0\u00bb40px\u00a0\u00bb][vc_column_text]<\/p>\r\n<h4><strong>Journal intime<\/strong><\/h4>\r\n<p>[\/vc_column_text][vc_column_text]<\/p>\r\n<p>Format ferm\u00e9: 16,5 x 23,5 cm<br \/>Pages: 16 pages<br \/>Impression: 4+4 LED UV Papier: Cyclus Offset de 70 g.<br \/>Reliure: reli\u00e9 et pli\u00e9<\/p>\r\n<p>[\/vc_column_text][vc_empty_space height=\u00a0\u00bb40px\u00a0\u00bb][vc_column_text]<\/p>\r\n<h4><strong>Carnet de notes<\/strong><\/h4>\r\n<p>[\/vc_column_text][vc_column_text]<\/p>\r\n<p>Format: 165 x 235 mm<br \/>Pages: 118 + 8<br \/>Imprim\u00e9 Int\u00e9rieur: 1+1<br \/>Couverture: Materica Pitch 360 g. \u00e0 1+1<br \/>Papier Int\u00e9rieur: Arena Natural Bulk de 120 g<br \/>Couverture: Fedrigoni Materica Pitch de 360 g.<br \/>Reliure: fil m\u00e9tallique cuivr\u00e9.<br \/>Finition: dorure \u00e0 chaud noir sur 50% de la surface<\/p>\r\n<p>[\/vc_column_text][vc_empty_space height=\u00a0\u00bb40px\u00a0\u00bb][\/vc_column][vc_column width=\u00a0\u00bb1\/2&Prime;][vc_column_text]<\/p>\r\n<h4><strong>Lithographie<\/strong><\/h4>\r\n<p>[\/vc_column_text][vc_empty_space height=\u00a0\u00bb20px\u00a0\u00bb][vc_column_text]<\/p>\r\n<p>Format ferm\u00e9: 16,5 x 23,5 cm.<br \/>Papier: carton bigris de 2 mm<br \/>Impression: S\u00e9rigraphie noire<\/p>\r\n<p>[\/vc_column_text][vc_empty_space height=\u00a0\u00bb20px\u00a0\u00bb][vc_column_text]<\/p>\r\n<h4><strong>Carte postale<\/strong><\/h4>\r\n<p>[\/vc_column_text][vc_column_text]<\/p>\r\n<p>Format: 90 x 13,9 cm<br \/>Papier: Sable brut naturel 300 g.<br \/>Impression: 4+1<\/p>\r\n<p>[\/vc_column_text][vc_empty_space height=\u00a0\u00bb20px\u00a0\u00bb][vc_column_text]<\/p>\r\n<h4><strong>Bo\u00eete<\/strong><\/h4>\r\n<p>[\/vc_column_text][vc_column_text]<\/p>\r\n<p>Emballage personnalis\u00e9<br \/>Format ouvert : 48,4 x 47 cm<br \/>Support: Microcanal E Kraft 1700 \u00b5<\/p>\r\n<p>[\/vc_column_text][vc_empty_space height=\u00a0\u00bb20px\u00a0\u00bb][vc_column_text]<\/p>\r\n<h4><strong>Face avant<\/strong><\/h4>\r\n<p>[\/vc_column_text][vc_column_text]<\/p>\r\n<p>Impression sur une face en CMJN<\/p>\r\n<p>[\/vc_column_text][vc_empty_space height=\u00a0\u00bb20px\u00a0\u00bb][vc_column_text]<\/p>\r\n<h4><strong>Dos<\/strong><\/h4>\r\n<p>[\/vc_column_text][vc_column_text]<\/p>\r\n<p>D\u00e9coupe<\/p>\r\n<p>[\/vc_column_text][\/vc_column][\/vc_row][vc_row css_animation=\u00a0\u00bb\u00a0\u00bb row_type=\u00a0\u00bbrow\u00a0\u00bb use_row_as_full_screen_section=\u00a0\u00bbno\u00a0\u00bb type=\u00a0\u00bbfull_width\u00a0\u00bb angled_section=\u00a0\u00bbno\u00a0\u00bb text_align=\u00a0\u00bbleft\u00a0\u00bb background_image_as_pattern=\u00a0\u00bbwithout_pattern\u00a0\u00bb][vc_column][vc_column_text]<\/p>\r\n<\/figure>\r\n<p>[\/vc_column_text][\/vc_column][\/vc_row]<\/p><\/div>","protected":false},"excerpt":{"rendered":"<p>Nous sommes tr\u00e8s heureux de pouvoir participer \u00e0 ce projet attachant des Papiers de la Guerra, \u00e9dit\u00e9 par la famille de Pep Castells et Pubill, et coordonn\u00e9 et con\u00e7u par le studio ENSERIO de Banyoles. <\/p>\n","protected":false},"author":1,"featured_media":19987,"comment_status":"open","ping_status":"closed","sticky":false,"template":"","format":"gallery","meta":{"footnotes":""},"categories":[459],"tags":[],"class_list":["post-20073","post","type-post","status-publish","format-gallery","has-post-thumbnail","hentry","category-impressio-fr","post_format-post-format-gallery"],"yoast_head":"<!-- This site is optimized with the Yoast SEO plugin v25.0 - https:\/\/yoast.com\/wordpress\/plugins\/seo\/ -->\n<title>Els Papers de la Guerra - Enserio &#8211; Nexe Impressions<\/title>\n<meta name=\"description\" content=\"Nous sommes tr\u00e8s heureux de pouvoir participer \u00e0 ce projet attachant des Papiers de la Guerra, \u00e9dit\u00e9 par la famille de Pep Castells et Pubill, et coordonn\u00e9 et con\u00e7u par le studio ENSERIO de Banyoles. Nous sommes tr\u00e8s heureux de pouvoir participer \u00e0 ce projet attachant des Papiers de la Guerra, \u00e9dit\u00e9 par la famille de Pep Castells et Pubill, et coordonn\u00e9 et con\u00e7u par le studio ENSERIO de Banyoles.\" \/>\n<meta name=\"robots\" content=\"index, follow, max-snippet:-1, max-image-preview:large, max-video-preview:-1\" \/>\n<link rel=\"canonical\" href=\"https:\/\/nexeimpressions.com\/fr\/els-papers-de-la-guerra-enserio\/\" \/>\n<meta property=\"og:locale\" content=\"fr_FR\" \/>\n<meta property=\"og:type\" content=\"article\" \/>\n<meta property=\"og:title\" content=\"Els Papers de la Guerra - Enserio &#8211; Nexe Impressions\" \/>\n<meta property=\"og:description\" content=\"Nous sommes tr\u00e8s heureux de pouvoir participer \u00e0 ce projet attachant des Papiers de la Guerra, \u00e9dit\u00e9 par la famille de Pep Castells et Pubill, et coordonn\u00e9 et con\u00e7u par le studio ENSERIO de Banyoles. Nous sommes tr\u00e8s heureux de pouvoir participer \u00e0 ce projet attachant des Papiers de la Guerra, \u00e9dit\u00e9 par la famille de Pep Castells et Pubill, et coordonn\u00e9 et con\u00e7u par le studio ENSERIO de Banyoles.\" \/>\n<meta property=\"og:url\" content=\"https:\/\/nexeimpressions.com\/fr\/els-papers-de-la-guerra-enserio\/\" \/>\n<meta property=\"og:site_name\" content=\"Nexe Impressions\" \/>\n<meta property=\"article:publisher\" content=\"https:\/\/www.facebook.com\/nexeimpressions\" \/>\n<meta property=\"article:published_time\" content=\"2022-12-28T06:00:52+00:00\" \/>\n<meta property=\"article:modified_time\" content=\"2022-12-28T14:34:17+00:00\" \/>\n<meta property=\"og:image\" content=\"https:\/\/nexeimpressions.com\/wp-content\/uploads\/2022\/12\/MG_0430.jpg\" \/>\n\t<meta property=\"og:image:width\" content=\"1500\" \/>\n\t<meta property=\"og:image:height\" content=\"1000\" \/>\n\t<meta property=\"og:image:type\" content=\"image\/jpeg\" \/>\n<meta name=\"author\" content=\"nexe\" \/>\n<meta name=\"twitter:card\" content=\"summary_large_image\" \/>\n<meta name=\"twitter:label1\" content=\"\u00c9crit par\" \/>\n\t<meta name=\"twitter:data1\" content=\"nexe\" \/>\n\t<meta name=\"twitter:label2\" content=\"Dur\u00e9e de lecture estim\u00e9e\" \/>\n\t<meta name=\"twitter:data2\" content=\"5 minutes\" \/>\n<script type=\"application\/ld+json\" class=\"yoast-schema-graph\">{\"@context\":\"https:\/\/schema.org\",\"@graph\":[{\"@type\":\"WebPage\",\"@id\":\"https:\/\/nexeimpressions.com\/fr\/els-papers-de-la-guerra-enserio\/\",\"url\":\"https:\/\/nexeimpressions.com\/fr\/els-papers-de-la-guerra-enserio\/\",\"name\":\"Els Papers de la Guerra - Enserio &#8211; Nexe Impressions\",\"isPartOf\":{\"@id\":\"https:\/\/nexeimpressions.com\/fr\/#website\"},\"primaryImageOfPage\":{\"@id\":\"https:\/\/nexeimpressions.com\/fr\/els-papers-de-la-guerra-enserio\/#primaryimage\"},\"image\":{\"@id\":\"https:\/\/nexeimpressions.com\/fr\/els-papers-de-la-guerra-enserio\/#primaryimage\"},\"thumbnailUrl\":\"https:\/\/nexeimpressions.com\/wp-content\/uploads\/2022\/12\/MG_0430.jpg\",\"datePublished\":\"2022-12-28T06:00:52+00:00\",\"dateModified\":\"2022-12-28T14:34:17+00:00\",\"author\":{\"@id\":\"https:\/\/nexeimpressions.com\/fr\/#\/schema\/person\/9cd356147ba4e89838e01be5359a62d0\"},\"description\":\"Nous sommes tr\u00e8s heureux de pouvoir participer \u00e0 ce projet attachant des Papiers de la Guerra, \u00e9dit\u00e9 par la famille de Pep Castells et Pubill, et coordonn\u00e9 et con\u00e7u par le studio ENSERIO de Banyoles. Nous sommes tr\u00e8s heureux de pouvoir participer \u00e0 ce projet attachant des Papiers de la Guerra, \u00e9dit\u00e9 par la famille de Pep Castells et Pubill, et coordonn\u00e9 et con\u00e7u par le studio ENSERIO de Banyoles.\",\"breadcrumb\":{\"@id\":\"https:\/\/nexeimpressions.com\/fr\/els-papers-de-la-guerra-enserio\/#breadcrumb\"},\"inLanguage\":\"fr-FR\",\"potentialAction\":[{\"@type\":\"ReadAction\",\"target\":[\"https:\/\/nexeimpressions.com\/fr\/els-papers-de-la-guerra-enserio\/\"]}]},{\"@type\":\"ImageObject\",\"inLanguage\":\"fr-FR\",\"@id\":\"https:\/\/nexeimpressions.com\/fr\/els-papers-de-la-guerra-enserio\/#primaryimage\",\"url\":\"https:\/\/nexeimpressions.com\/wp-content\/uploads\/2022\/12\/MG_0430.jpg\",\"contentUrl\":\"https:\/\/nexeimpressions.com\/wp-content\/uploads\/2022\/12\/MG_0430.jpg\",\"width\":1500,\"height\":1000},{\"@type\":\"BreadcrumbList\",\"@id\":\"https:\/\/nexeimpressions.com\/fr\/els-papers-de-la-guerra-enserio\/#breadcrumb\",\"itemListElement\":[{\"@type\":\"ListItem\",\"position\":1,\"name\":\"Home\",\"item\":\"https:\/\/nexeimpressions.com\/fr\/\"},{\"@type\":\"ListItem\",\"position\":2,\"name\":\"Els Papers de la Guerra &#8211; Enserio\"}]},{\"@type\":\"WebSite\",\"@id\":\"https:\/\/nexeimpressions.com\/fr\/#website\",\"url\":\"https:\/\/nexeimpressions.com\/fr\/\",\"name\":\"Nexe Impressions\",\"description\":\"Print worthy\",\"potentialAction\":[{\"@type\":\"SearchAction\",\"target\":{\"@type\":\"EntryPoint\",\"urlTemplate\":\"https:\/\/nexeimpressions.com\/fr\/?s={search_term_string}\"},\"query-input\":{\"@type\":\"PropertyValueSpecification\",\"valueRequired\":true,\"valueName\":\"search_term_string\"}}],\"inLanguage\":\"fr-FR\"},{\"@type\":\"Person\",\"@id\":\"https:\/\/nexeimpressions.com\/fr\/#\/schema\/person\/9cd356147ba4e89838e01be5359a62d0\",\"name\":\"nexe\",\"image\":{\"@type\":\"ImageObject\",\"inLanguage\":\"fr-FR\",\"@id\":\"https:\/\/nexeimpressions.com\/fr\/#\/schema\/person\/image\/\",\"url\":\"https:\/\/secure.gravatar.com\/avatar\/1b31af11b441709081e19a5258d29fcb920ae3249fa80c00a863bde3cf378dfb?s=96&d=mm&r=g\",\"contentUrl\":\"https:\/\/secure.gravatar.com\/avatar\/1b31af11b441709081e19a5258d29fcb920ae3249fa80c00a863bde3cf378dfb?s=96&d=mm&r=g\",\"caption\":\"nexe\"},\"url\":\"https:\/\/nexeimpressions.com\/fr\/author\/admin\/\"}]}<\/script>\n<!-- \/ Yoast SEO plugin. -->","yoast_head_json":{"title":"Els Papers de la Guerra - Enserio &#8211; Nexe Impressions","description":"Nous sommes tr\u00e8s heureux de pouvoir participer \u00e0 ce projet attachant des Papiers de la Guerra, \u00e9dit\u00e9 par la famille de Pep Castells et Pubill, et coordonn\u00e9 et con\u00e7u par le studio ENSERIO de Banyoles. Nous sommes tr\u00e8s heureux de pouvoir participer \u00e0 ce projet attachant des Papiers de la Guerra, \u00e9dit\u00e9 par la famille de Pep Castells et Pubill, et coordonn\u00e9 et con\u00e7u par le studio ENSERIO de Banyoles.","robots":{"index":"index","follow":"follow","max-snippet":"max-snippet:-1","max-image-preview":"max-image-preview:large","max-video-preview":"max-video-preview:-1"},"canonical":"https:\/\/nexeimpressions.com\/fr\/els-papers-de-la-guerra-enserio\/","og_locale":"fr_FR","og_type":"article","og_title":"Els Papers de la Guerra - Enserio &#8211; Nexe Impressions","og_description":"Nous sommes tr\u00e8s heureux de pouvoir participer \u00e0 ce projet attachant des Papiers de la Guerra, \u00e9dit\u00e9 par la famille de Pep Castells et Pubill, et coordonn\u00e9 et con\u00e7u par le studio ENSERIO de Banyoles. Nous sommes tr\u00e8s heureux de pouvoir participer \u00e0 ce projet attachant des Papiers de la Guerra, \u00e9dit\u00e9 par la famille de Pep Castells et Pubill, et coordonn\u00e9 et con\u00e7u par le studio ENSERIO de Banyoles.","og_url":"https:\/\/nexeimpressions.com\/fr\/els-papers-de-la-guerra-enserio\/","og_site_name":"Nexe Impressions","article_publisher":"https:\/\/www.facebook.com\/nexeimpressions","article_published_time":"2022-12-28T06:00:52+00:00","article_modified_time":"2022-12-28T14:34:17+00:00","og_image":[{"width":1500,"height":1000,"url":"https:\/\/nexeimpressions.com\/wp-content\/uploads\/2022\/12\/MG_0430.jpg","type":"image\/jpeg"}],"author":"nexe","twitter_card":"summary_large_image","twitter_misc":{"\u00c9crit par":"nexe","Dur\u00e9e de lecture estim\u00e9e":"5 minutes"},"schema":{"@context":"https:\/\/schema.org","@graph":[{"@type":"WebPage","@id":"https:\/\/nexeimpressions.com\/fr\/els-papers-de-la-guerra-enserio\/","url":"https:\/\/nexeimpressions.com\/fr\/els-papers-de-la-guerra-enserio\/","name":"Els Papers de la Guerra - Enserio &#8211; Nexe Impressions","isPartOf":{"@id":"https:\/\/nexeimpressions.com\/fr\/#website"},"primaryImageOfPage":{"@id":"https:\/\/nexeimpressions.com\/fr\/els-papers-de-la-guerra-enserio\/#primaryimage"},"image":{"@id":"https:\/\/nexeimpressions.com\/fr\/els-papers-de-la-guerra-enserio\/#primaryimage"},"thumbnailUrl":"https:\/\/nexeimpressions.com\/wp-content\/uploads\/2022\/12\/MG_0430.jpg","datePublished":"2022-12-28T06:00:52+00:00","dateModified":"2022-12-28T14:34:17+00:00","author":{"@id":"https:\/\/nexeimpressions.com\/fr\/#\/schema\/person\/9cd356147ba4e89838e01be5359a62d0"},"description":"Nous sommes tr\u00e8s heureux de pouvoir participer \u00e0 ce projet attachant des Papiers de la Guerra, \u00e9dit\u00e9 par la famille de Pep Castells et Pubill, et coordonn\u00e9 et con\u00e7u par le studio ENSERIO de Banyoles. Nous sommes tr\u00e8s heureux de pouvoir participer \u00e0 ce projet attachant des Papiers de la Guerra, \u00e9dit\u00e9 par la famille de Pep Castells et Pubill, et coordonn\u00e9 et con\u00e7u par le studio ENSERIO de Banyoles.","breadcrumb":{"@id":"https:\/\/nexeimpressions.com\/fr\/els-papers-de-la-guerra-enserio\/#breadcrumb"},"inLanguage":"fr-FR","potentialAction":[{"@type":"ReadAction","target":["https:\/\/nexeimpressions.com\/fr\/els-papers-de-la-guerra-enserio\/"]}]},{"@type":"ImageObject","inLanguage":"fr-FR","@id":"https:\/\/nexeimpressions.com\/fr\/els-papers-de-la-guerra-enserio\/#primaryimage","url":"https:\/\/nexeimpressions.com\/wp-content\/uploads\/2022\/12\/MG_0430.jpg","contentUrl":"https:\/\/nexeimpressions.com\/wp-content\/uploads\/2022\/12\/MG_0430.jpg","width":1500,"height":1000},{"@type":"BreadcrumbList","@id":"https:\/\/nexeimpressions.com\/fr\/els-papers-de-la-guerra-enserio\/#breadcrumb","itemListElement":[{"@type":"ListItem","position":1,"name":"Home","item":"https:\/\/nexeimpressions.com\/fr\/"},{"@type":"ListItem","position":2,"name":"Els Papers de la Guerra &#8211; Enserio"}]},{"@type":"WebSite","@id":"https:\/\/nexeimpressions.com\/fr\/#website","url":"https:\/\/nexeimpressions.com\/fr\/","name":"Nexe Impressions","description":"Print worthy","potentialAction":[{"@type":"SearchAction","target":{"@type":"EntryPoint","urlTemplate":"https:\/\/nexeimpressions.com\/fr\/?s={search_term_string}"},"query-input":{"@type":"PropertyValueSpecification","valueRequired":true,"valueName":"search_term_string"}}],"inLanguage":"fr-FR"},{"@type":"Person","@id":"https:\/\/nexeimpressions.com\/fr\/#\/schema\/person\/9cd356147ba4e89838e01be5359a62d0","name":"nexe","image":{"@type":"ImageObject","inLanguage":"fr-FR","@id":"https:\/\/nexeimpressions.com\/fr\/#\/schema\/person\/image\/","url":"https:\/\/secure.gravatar.com\/avatar\/1b31af11b441709081e19a5258d29fcb920ae3249fa80c00a863bde3cf378dfb?s=96&d=mm&r=g","contentUrl":"https:\/\/secure.gravatar.com\/avatar\/1b31af11b441709081e19a5258d29fcb920ae3249fa80c00a863bde3cf378dfb?s=96&d=mm&r=g","caption":"nexe"},"url":"https:\/\/nexeimpressions.com\/fr\/author\/admin\/"}]}},"_links":{"self":[{"href":"https:\/\/nexeimpressions.com\/fr\/wp-json\/wp\/v2\/posts\/20073","targetHints":{"allow":["GET"]}}],"collection":[{"href":"https:\/\/nexeimpressions.com\/fr\/wp-json\/wp\/v2\/posts"}],"about":[{"href":"https:\/\/nexeimpressions.com\/fr\/wp-json\/wp\/v2\/types\/post"}],"author":[{"embeddable":true,"href":"https:\/\/nexeimpressions.com\/fr\/wp-json\/wp\/v2\/users\/1"}],"replies":[{"embeddable":true,"href":"https:\/\/nexeimpressions.com\/fr\/wp-json\/wp\/v2\/comments?post=20073"}],"version-history":[{"count":2,"href":"https:\/\/nexeimpressions.com\/fr\/wp-json\/wp\/v2\/posts\/20073\/revisions"}],"predecessor-version":[{"id":20075,"href":"https:\/\/nexeimpressions.com\/fr\/wp-json\/wp\/v2\/posts\/20073\/revisions\/20075"}],"wp:featuredmedia":[{"embeddable":true,"href":"https:\/\/nexeimpressions.com\/fr\/wp-json\/wp\/v2\/media\/19987"}],"wp:attachment":[{"href":"https:\/\/nexeimpressions.com\/fr\/wp-json\/wp\/v2\/media?parent=20073"}],"wp:term":[{"taxonomy":"category","embeddable":true,"href":"https:\/\/nexeimpressions.com\/fr\/wp-json\/wp\/v2\/categories?post=20073"},{"taxonomy":"post_tag","embeddable":true,"href":"https:\/\/nexeimpressions.com\/fr\/wp-json\/wp\/v2\/tags?post=20073"}],"curies":[{"name":"wp","href":"https:\/\/api.w.org\/{rel}","templated":true}]}}