 {"id":21467,"date":"2023-11-22T16:00:24","date_gmt":"2023-11-22T14:00:24","guid":{"rendered":"https:\/\/www.nexeimpressions.com\/?p=21467"},"modified":"2023-11-22T17:47:57","modified_gmt":"2023-11-22T15:47:57","slug":"gaultier-divine-jean-paul-gaultier","status":"publish","type":"post","link":"https:\/\/nexeimpressions.com\/fr\/gaultier-divine-jean-paul-gaultier\/","title":{"rendered":"Gaultier Divine &#8211; Jean Paul Gaultier"},"content":{"rendered":"<div class=\"wpb-content-wrapper\"><p>[vc_row css_animation=\u00a0\u00bb\u00a0\u00bb row_type=\u00a0\u00bbrow\u00a0\u00bb use_row_as_full_screen_section=\u00a0\u00bbno\u00a0\u00bb type=\u00a0\u00bbfull_width\u00a0\u00bb angled_section=\u00a0\u00bbno\u00a0\u00bb text_align=\u00a0\u00bbleft\u00a0\u00bb background_image_as_pattern=\u00a0\u00bbwithout_pattern\u00a0\u00bb][vc_column][vc_column_text]<\/p>\n\n\t\t<style type=\"text\/css\">\n\t\t\t#gallery-1 {\n\t\t\t\tmargin: auto;\n\t\t\t}\n\t\t\t#gallery-1 .gallery-item {\n\t\t\t\tfloat: left;\n\t\t\t\tmargin-top: 10px;\n\t\t\t\ttext-align: center;\n\t\t\t\twidth: 33%;\n\t\t\t}\n\t\t\t#gallery-1 img {\n\t\t\t\tborder: 2px solid #cfcfcf;\n\t\t\t}\n\t\t\t#gallery-1 .gallery-caption {\n\t\t\t\tmargin-left: 0;\n\t\t\t}\n\t\t\t\/* see gallery_shortcode() in wp-includes\/media.php *\/\n\t\t<\/style>\n\t\t<div id='gallery-1' class='gallery galleryid-21467 gallery-columns-3 gallery-size-thumbnail'><dl class='gallery-item'>\n\t\t\t<dt class='gallery-icon landscape'>\n\t\t\t\t<a href='https:\/\/nexeimpressions.com\/fr\/gaultier-divine-jean-paul-gaultier\/jean_paul_gaultier_presskit-2\/'><img decoding=\"async\" width=\"150\" height=\"150\" src=\"https:\/\/nexeimpressions.com\/wp-content\/uploads\/2023\/11\/jean_paul_gaultier_presskit-150x150.jpg\" class=\"attachment-thumbnail size-thumbnail\" alt=\"Jean Paul Gaultier Presskit\" aria-describedby=\"gallery-1-21461\" srcset=\"https:\/\/nexeimpressions.com\/wp-content\/uploads\/2023\/11\/jean_paul_gaultier_presskit-150x150.jpg 150w, https:\/\/nexeimpressions.com\/wp-content\/uploads\/2023\/11\/jean_paul_gaultier_presskit-570x570.jpg 570w, https:\/\/nexeimpressions.com\/wp-content\/uploads\/2023\/11\/jean_paul_gaultier_presskit-500x500.jpg 500w, https:\/\/nexeimpressions.com\/wp-content\/uploads\/2023\/11\/jean_paul_gaultier_presskit-1000x1000.jpg 1000w\" sizes=\"(max-width: 150px) 100vw, 150px\" \/><\/a>\n\t\t\t<\/dt>\n\t\t\t\t<dd class='wp-caption-text gallery-caption' id='gallery-1-21461'>\n\t\t\t\tJean\n\t\t\t\t<\/dd><\/dl><dl class='gallery-item'>\n\t\t\t<dt class='gallery-icon landscape'>\n\t\t\t\t<a href='https:\/\/nexeimpressions.com\/fr\/gaultier-divine-jean-paul-gaultier\/jean_paul_gaultier_box-2\/'><img decoding=\"async\" width=\"150\" height=\"150\" src=\"https:\/\/nexeimpressions.com\/wp-content\/uploads\/2023\/11\/jean_paul_gaultier_box-150x150.jpg\" class=\"attachment-thumbnail size-thumbnail\" alt=\"Jean Paul Gaultier Box\" srcset=\"https:\/\/nexeimpressions.com\/wp-content\/uploads\/2023\/11\/jean_paul_gaultier_box-150x150.jpg 150w, https:\/\/nexeimpressions.com\/wp-content\/uploads\/2023\/11\/jean_paul_gaultier_box-570x570.jpg 570w, https:\/\/nexeimpressions.com\/wp-content\/uploads\/2023\/11\/jean_paul_gaultier_box-500x500.jpg 500w, https:\/\/nexeimpressions.com\/wp-content\/uploads\/2023\/11\/jean_paul_gaultier_box-1000x1000.jpg 1000w\" sizes=\"(max-width: 150px) 100vw, 150px\" \/><\/a>\n\t\t\t<\/dt><\/dl><dl class='gallery-item'>\n\t\t\t<dt class='gallery-icon landscape'>\n\t\t\t\t<a href='https:\/\/nexeimpressions.com\/fr\/gaultier-divine-jean-paul-gaultier\/jean_paul_gaultier_booklet-2\/'><img decoding=\"async\" width=\"150\" height=\"150\" src=\"https:\/\/nexeimpressions.com\/wp-content\/uploads\/2023\/11\/jean_paul_gaultier_booklet-150x150.jpg\" class=\"attachment-thumbnail size-thumbnail\" alt=\"Jean Paul Gaultier Booklet\" srcset=\"https:\/\/nexeimpressions.com\/wp-content\/uploads\/2023\/11\/jean_paul_gaultier_booklet-150x150.jpg 150w, https:\/\/nexeimpressions.com\/wp-content\/uploads\/2023\/11\/jean_paul_gaultier_booklet-570x570.jpg 570w, https:\/\/nexeimpressions.com\/wp-content\/uploads\/2023\/11\/jean_paul_gaultier_booklet-500x500.jpg 500w, https:\/\/nexeimpressions.com\/wp-content\/uploads\/2023\/11\/jean_paul_gaultier_booklet-1000x1000.jpg 1000w\" sizes=\"(max-width: 150px) 100vw, 150px\" \/><\/a>\n\t\t\t<\/dt><\/dl><br style=\"clear: both\" \/><dl class='gallery-item'>\n\t\t\t<dt class='gallery-icon landscape'>\n\t\t\t\t<a href='https:\/\/nexeimpressions.com\/fr\/gaultier-divine-jean-paul-gaultier\/jean_paul_gaultier_book-2\/'><img decoding=\"async\" width=\"150\" height=\"150\" src=\"https:\/\/nexeimpressions.com\/wp-content\/uploads\/2023\/11\/jean_paul_gaultier_book-150x150.jpg\" class=\"attachment-thumbnail size-thumbnail\" alt=\"Jean Paul Gaultier Llibre\" srcset=\"https:\/\/nexeimpressions.com\/wp-content\/uploads\/2023\/11\/jean_paul_gaultier_book-150x150.jpg 150w, https:\/\/nexeimpressions.com\/wp-content\/uploads\/2023\/11\/jean_paul_gaultier_book-570x570.jpg 570w, https:\/\/nexeimpressions.com\/wp-content\/uploads\/2023\/11\/jean_paul_gaultier_book-500x500.jpg 500w, https:\/\/nexeimpressions.com\/wp-content\/uploads\/2023\/11\/jean_paul_gaultier_book-1000x1000.jpg 1000w\" sizes=\"(max-width: 150px) 100vw, 150px\" \/><\/a>\n\t\t\t<\/dt><\/dl><dl class='gallery-item'>\n\t\t\t<dt class='gallery-icon landscape'>\n\t\t\t\t<a href='https:\/\/nexeimpressions.com\/fr\/gaultier-divine-jean-paul-gaultier\/jean_paul_gaultier_perfume-2\/'><img decoding=\"async\" width=\"150\" height=\"150\" src=\"https:\/\/nexeimpressions.com\/wp-content\/uploads\/2023\/11\/jean_paul_gaultier_perfume-150x150.jpg\" class=\"attachment-thumbnail size-thumbnail\" alt=\"Jean Paul Gaultier Impressi\u00f3\" srcset=\"https:\/\/nexeimpressions.com\/wp-content\/uploads\/2023\/11\/jean_paul_gaultier_perfume-150x150.jpg 150w, https:\/\/nexeimpressions.com\/wp-content\/uploads\/2023\/11\/jean_paul_gaultier_perfume-570x570.jpg 570w, https:\/\/nexeimpressions.com\/wp-content\/uploads\/2023\/11\/jean_paul_gaultier_perfume-500x500.jpg 500w, https:\/\/nexeimpressions.com\/wp-content\/uploads\/2023\/11\/jean_paul_gaultier_perfume-1000x1000.jpg 1000w\" sizes=\"(max-width: 150px) 100vw, 150px\" \/><\/a>\n\t\t\t<\/dt><\/dl><dl class='gallery-item'>\n\t\t\t<dt class='gallery-icon landscape'>\n\t\t\t\t<a href='https:\/\/nexeimpressions.com\/fr\/gaultier-divine-jean-paul-gaultier\/jean_paul_gaultier_bag-2\/'><img decoding=\"async\" width=\"150\" height=\"150\" src=\"https:\/\/nexeimpressions.com\/wp-content\/uploads\/2023\/11\/jean_paul_gaultier_bag-150x150.jpg\" class=\"attachment-thumbnail size-thumbnail\" alt=\"Jean Paul Gaultier Bossa\" srcset=\"https:\/\/nexeimpressions.com\/wp-content\/uploads\/2023\/11\/jean_paul_gaultier_bag-150x150.jpg 150w, https:\/\/nexeimpressions.com\/wp-content\/uploads\/2023\/11\/jean_paul_gaultier_bag-570x570.jpg 570w, https:\/\/nexeimpressions.com\/wp-content\/uploads\/2023\/11\/jean_paul_gaultier_bag-500x500.jpg 500w, https:\/\/nexeimpressions.com\/wp-content\/uploads\/2023\/11\/jean_paul_gaultier_bag-1000x1000.jpg 1000w\" sizes=\"(max-width: 150px) 100vw, 150px\" \/><\/a>\n\t\t\t<\/dt><\/dl><br style=\"clear: both\" \/><dl class='gallery-item'>\n\t\t\t<dt class='gallery-icon landscape'>\n\t\t\t\t<a href='https:\/\/nexeimpressions.com\/fr\/gaultier-divine-jean-paul-gaultier\/jean_paul_gaultier_divine-2\/'><img decoding=\"async\" width=\"150\" height=\"150\" src=\"https:\/\/nexeimpressions.com\/wp-content\/uploads\/2023\/11\/jean_paul_gaultier_divine-150x150.jpg\" class=\"attachment-thumbnail size-thumbnail\" alt=\"Jean Paul Gaultier Stamping\" srcset=\"https:\/\/nexeimpressions.com\/wp-content\/uploads\/2023\/11\/jean_paul_gaultier_divine-150x150.jpg 150w, https:\/\/nexeimpressions.com\/wp-content\/uploads\/2023\/11\/jean_paul_gaultier_divine-570x570.jpg 570w, https:\/\/nexeimpressions.com\/wp-content\/uploads\/2023\/11\/jean_paul_gaultier_divine-500x500.jpg 500w, https:\/\/nexeimpressions.com\/wp-content\/uploads\/2023\/11\/jean_paul_gaultier_divine-1000x1000.jpg 1000w\" sizes=\"(max-width: 150px) 100vw, 150px\" \/><\/a>\n\t\t\t<\/dt><\/dl><dl class='gallery-item'>\n\t\t\t<dt class='gallery-icon landscape'>\n\t\t\t\t<a href='https:\/\/nexeimpressions.com\/fr\/gaultier-divine-jean-paul-gaultier\/jean_paul_gaultier_postcard-2\/'><img decoding=\"async\" width=\"150\" height=\"150\" src=\"https:\/\/nexeimpressions.com\/wp-content\/uploads\/2023\/11\/jean_paul_gaultier_postcard-150x150.jpg\" class=\"attachment-thumbnail size-thumbnail\" alt=\"Jean Paul Gaultier Postal\" srcset=\"https:\/\/nexeimpressions.com\/wp-content\/uploads\/2023\/11\/jean_paul_gaultier_postcard-150x150.jpg 150w, https:\/\/nexeimpressions.com\/wp-content\/uploads\/2023\/11\/jean_paul_gaultier_postcard-570x570.jpg 570w, https:\/\/nexeimpressions.com\/wp-content\/uploads\/2023\/11\/jean_paul_gaultier_postcard-500x500.jpg 500w, https:\/\/nexeimpressions.com\/wp-content\/uploads\/2023\/11\/jean_paul_gaultier_postcard-1000x1000.jpg 1000w\" sizes=\"(max-width: 150px) 100vw, 150px\" \/><\/a>\n\t\t\t<\/dt><\/dl>\n\t\t\t<br style='clear: both' \/>\n\t\t<\/div>\n\n<p>[\/vc_column_text][vc_empty_space][\/vc_column][\/vc_row][vc_row css_animation=\u00a0\u00bb\u00a0\u00bb row_type=\u00a0\u00bbrow\u00a0\u00bb use_row_as_full_screen_section=\u00a0\u00bbno\u00a0\u00bb type=\u00a0\u00bbfull_width\u00a0\u00bb angled_section=\u00a0\u00bbno\u00a0\u00bb text_align=\u00a0\u00bbleft\u00a0\u00bb background_image_as_pattern=\u00a0\u00bbwithout_pattern\u00a0\u00bb][vc_column width=\u00a0\u00bb1\/2&Prime;][vc_column_text]<span style=\"color: #d13f52;\"><strong>Design graphique<br \/>\n<\/strong><\/span><b>Apartamento Studios<\/b>[\/vc_column_text][vc_empty_space height=\u00a0\u00bb20px\u00a0\u00bb][vc_column_text]<span style=\"color: #d13f52;\"><strong>Brand<br \/>\n<\/strong><\/span><strong>Jean Paul Gaultier<\/strong>[\/vc_column_text][vc_empty_space height=\u00a0\u00bb20px\u00a0\u00bb][\/vc_column][vc_column width=\u00a0\u00bb1\/2&Prime;][vc_column_text]<span style=\"color: #d13f52;\"><strong>Impression<\/strong><\/span><span style=\"color: #d13f52;\"><strong><br \/>\n<\/strong><\/span><b>Nexe Impressions<\/b>[\/vc_column_text][vc_empty_space height=\u00a0\u00bb20px\u00a0\u00bb][\/vc_column][\/vc_row][vc_row css_animation=\u00a0\u00bb\u00a0\u00bb row_type=\u00a0\u00bbrow\u00a0\u00bb use_row_as_full_screen_section=\u00a0\u00bbno\u00a0\u00bb type=\u00a0\u00bbfull_width\u00a0\u00bb angled_section=\u00a0\u00bbno\u00a0\u00bb text_align=\u00a0\u00bbleft\u00a0\u00bb background_image_as_pattern=\u00a0\u00bbwithout_pattern\u00a0\u00bb][vc_column][vc_empty_space height=\u00a0\u00bb40px\u00a0\u00bb][vc_column_text]<\/p>\n<p><strong>Madonna<\/strong> a port\u00e9 lors de sa tourn\u00e9e mondiale Blond Ambition de 1990 un corset embl\u00e9matique en forme de c\u00f4ne con\u00e7u par <strong>Jean Paul Gaultier<\/strong>, qui est devenu une ic\u00f4ne de la culture populaire.<\/p>\n<p>Aujourd&rsquo;hui, <strong>\u00ab\u00a0The Cone Bra\u00a0\u00bb<\/strong> de Madonna rena\u00eet avec le lancement du nouveau parfum du cr\u00e9ateur haute couture, <strong>Gaultier Divine<\/strong>. Pour c\u00e9l\u00e9brer ce lancement, un kit de presse est con\u00e7u pour pr\u00e9senter le nouveau parfum avec un deuxi\u00e8me article exclusif en collaboration avec le joaillier <strong>Alan Crocetti : \u00ab\u00a0The Cone Bra Ring\u00a0\u00bb<\/strong>. Fabriqu\u00e9 en argent sterling 925 et doubl\u00e9 d&rsquo;or, cette pi\u00e8ce fusionne les deux maisons de mode en m\u00ealant l&rsquo;iconique Cone Bra de Gaultier aux bagues d&rsquo;enveloppement caract\u00e9ristiques d&rsquo;Alan Crocetti.<\/p>\n<p>Le <strong>Groupe Puig<\/strong> fait de nouveau appel \u00e0 <a href=\"https:\/\/apartamentostudios.com\/\"><strong>Apartamento Studios<\/strong><\/a> pour concevoir la charte graphique de l&rsquo;ensemble, et \u00e0 <strong>Nexe Impressions<\/strong> pour r\u00e9aliser le kit de presse. Le parfum est pr\u00e9sent\u00e9 dans une bo\u00eete en carton avec l&rsquo;anneau. Le kit comprend \u00e9galement une carte postale et un livret sur la nouvelle fragrance de Gaultier, le tout livr\u00e9 dans un sac en polyester avec une finition dor\u00e9e m\u00e9tallis\u00e9e.[\/vc_column_text][vc_empty_space height=\u00a0\u00bb70px\u00a0\u00bb][vc_column_text]<\/p>\n<h3><strong>SP\u00c9CIFICATIONS TECHNIQUES<\/strong><\/h3>\n<p>[\/vc_column_text][vc_empty_space height=\u00a0\u00bb40px\u00a0\u00bb][\/vc_column][\/vc_row][vc_row css_animation=\u00a0\u00bb\u00a0\u00bb row_type=\u00a0\u00bbrow\u00a0\u00bb use_row_as_full_screen_section=\u00a0\u00bbno\u00a0\u00bb type=\u00a0\u00bbfull_width\u00a0\u00bb angled_section=\u00a0\u00bbno\u00a0\u00bb text_align=\u00a0\u00bbleft\u00a0\u00bb background_image_as_pattern=\u00a0\u00bbwithout_pattern\u00a0\u00bb][vc_column width=\u00a0\u00bb1\/2&Prime;][vc_column_text]<\/p>\n<h4><strong>Sac<\/strong><\/h4>\n<p>[\/vc_column_text][vc_column_text]<br \/>\n<strong>Papier<\/strong><br \/>\nCouch\u00e9 200 g<br \/>\n<strong>Impression<\/strong><br \/>\nFeuille de polyester couleur or m\u00e9tallis\u00e9<br \/>\n<strong>Finitions<\/strong><br \/>\nPlastifi\u00e9 brillant<br \/>\nEstampage blanc recto verso<br \/>\n[\/vc_column_text][vc_empty_space height=\u00a0\u00bb40px\u00a0\u00bb][vc_column_text]<\/p>\n<h4><strong>Bo\u00eete<\/strong><\/h4>\n<p>[\/vc_column_text][vc_column_text]<br \/>\n<strong>Papier<\/strong><br \/>\nSupport fond : Gris compact recto verso<br \/>\nRev\u00eatement ext\u00e9rieur \u00e9tui et fond : Geltex lisse 130 g<br \/>\nPoign\u00e9e : Ruban de coton beige<br \/>\nPiscine : Mousse EVJ 45 blanche (6 cm de hauteur)<br \/>\nRev\u00eatement piscine : Geltex lisse 200 g<br \/>\n<strong>Impression<\/strong><br \/>\n\u00c9tui : Offset 1\/0<br \/>\nBo\u00eete : Feuille de polyester couleur or m\u00e9tallis\u00e9<br \/>\n<strong>Finitions<\/strong><br \/>\n\u00c9tui : Vernis machine + Estampage noir<br \/>\nBo\u00eete : Plastifi\u00e9 brillant + Estampage blanc<br \/>\n[\/vc_column_text][vc_empty_space height=\u00a0\u00bb40px\u00a0\u00bb][\/vc_column][vc_column width=\u00a0\u00bb1\/2&Prime;][vc_column_text]<\/p>\n<h4><strong>Livret<\/strong><\/h4>\n<p>[\/vc_column_text][vc_column_text]<br \/>\n<strong>Format<\/strong><br \/>\n148 x 210 mm<br \/>\n<strong>Papier<\/strong><br \/>\nCouvertures : <a href=\"https:\/\/paper.fedrigoni.com\/fra\/swatchbook\/symbol-tatami\/\">Symbol Tatami 210 g<\/a> de <strong>Fedrigoni Paper<\/strong><br \/>\nInt\u00e9rieur : <a href=\"https:\/\/paper.fedrigoni.com\/fra\/swatchbook\/symbol-tatami\/\">Symbol Tatami 120 g<\/a> de <strong>Fedrigoni Paper<\/strong><br \/>\n<strong>Impression<\/strong><br \/>\nCouvertures : 0\/0<br \/>\nInt\u00e9rieur : LED UV, 4\/4 CMJN<br \/>\n<strong>Reliure<\/strong><br \/>\nCousue avec deux agrafes<br \/>\n<strong>Finitions<\/strong><br \/>\nEstampage dorure \u00e0 chaud or sur la couverture<br \/>\nImpression en 4 langues<br \/>\n[\/vc_column_text][vc_empty_space height=\u00a0\u00bb40px\u00a0\u00bb][vc_column_text]<\/p>\n<h4><strong>Carte postale<\/strong><\/h4>\n<p>[\/vc_column_text][vc_column_text]<br \/>\n<strong>Format<\/strong><br \/>\n145 x 200 mm<br \/>\n<strong>Papier<\/strong><br \/>\n<a href=\"https:\/\/paper.fedrigoni.com\/fra\/swatchbook\/symbol-tatami\/\">Symbol Tatami 210 g<\/a> de <strong>Fedrigoni Paper<\/strong><br \/>\n<strong>Finitions<\/strong><br \/>\nEstampage dorure \u00e0 chaud Or Luxor 457 recto<br \/>\nEstampage noir recto<\/p>\n<p>[\/vc_column_text][vc_row css_animation=\u00a0\u00bb\u00a0\u00bb row_type=\u00a0\u00bbrow\u00a0\u00bb use_row_as_full_screen_section=\u00a0\u00bbno\u00a0\u00bb type=\u00a0\u00bbfull_width\u00a0\u00bb angled_section=\u00a0\u00bbno\u00a0\u00bb text_align=\u00a0\u00bbleft\u00a0\u00bb background_image_as_pattern=\u00a0\u00bbwithout_pattern\u00a0\u00bb][vc_column][vc_column_text][vc_empty_space height=\u00a0\u00bb40px\u00a0\u00bb][\/vc_column_text][\/vc_column][\/vc_row]<\/p>\n<\/div>","protected":false},"excerpt":{"rendered":"<p>Le Groupe Puig compte une nouvelle fois sur Apartamento Studios, pour concevoir le graphisme du d\u00e9cor, et avec Nexe Impressions, pour concr\u00e9tiser le dossier de presse du lancement de Gaultier Divine de Jean Paul Gaultier.<\/p>\n","protected":false},"author":1,"featured_media":21461,"comment_status":"open","ping_status":"closed","sticky":false,"template":"","format":"gallery","meta":{"footnotes":""},"categories":[200],"tags":[],"class_list":["post-21467","post","type-post","status-publish","format-gallery","has-post-thumbnail","hentry","category-press-kit-fr","post_format-post-format-gallery"],"yoast_head":"<!-- This site is optimized with the Yoast SEO plugin v25.0 - https:\/\/yoast.com\/wordpress\/plugins\/seo\/ -->\n<title>Gaultier Divine - Jean Paul Gaultier &#8211; Nexe Impressions<\/title>\n<meta name=\"description\" content=\"Le Groupe Puig compte une nouvelle fois sur Apartamento Studios, pour concevoir le graphisme du d\u00e9cor, et avec Nexe Impressions, pour concr\u00e9tiser le dossier de presse du lancement de Gaultier Divine de Jean Paul Gaultier. Le Groupe Puig compte une nouvelle fois sur Apartamento Studios, pour concevoir le graphisme du d\u00e9cor, et avec Nexe Impressions, pour concr\u00e9tiser le dossier de presse du lancement de Gaultier Divine de Jean Paul Gaultier.\" \/>\n<meta name=\"robots\" content=\"index, follow, max-snippet:-1, max-image-preview:large, max-video-preview:-1\" \/>\n<link rel=\"canonical\" href=\"https:\/\/nexeimpressions.com\/fr\/gaultier-divine-jean-paul-gaultier\/\" \/>\n<meta property=\"og:locale\" content=\"fr_FR\" \/>\n<meta property=\"og:type\" content=\"article\" \/>\n<meta property=\"og:title\" content=\"Gaultier Divine - Jean Paul Gaultier &#8211; Nexe Impressions\" \/>\n<meta property=\"og:description\" content=\"Le Groupe Puig compte une nouvelle fois sur Apartamento Studios, pour concevoir le graphisme du d\u00e9cor, et avec Nexe Impressions, pour concr\u00e9tiser le dossier de presse du lancement de Gaultier Divine de Jean Paul Gaultier. Le Groupe Puig compte une nouvelle fois sur Apartamento Studios, pour concevoir le graphisme du d\u00e9cor, et avec Nexe Impressions, pour concr\u00e9tiser le dossier de presse du lancement de Gaultier Divine de Jean Paul Gaultier.\" \/>\n<meta property=\"og:url\" content=\"https:\/\/nexeimpressions.com\/fr\/gaultier-divine-jean-paul-gaultier\/\" \/>\n<meta property=\"og:site_name\" content=\"Nexe Impressions\" \/>\n<meta property=\"article:publisher\" content=\"https:\/\/www.facebook.com\/nexeimpressions\" \/>\n<meta property=\"article:published_time\" content=\"2023-11-22T14:00:24+00:00\" \/>\n<meta property=\"article:modified_time\" content=\"2023-11-22T15:47:57+00:00\" \/>\n<meta property=\"og:image\" content=\"https:\/\/nexeimpressions.com\/wp-content\/uploads\/2023\/11\/jean_paul_gaultier_presskit.jpg\" \/>\n\t<meta property=\"og:image:width\" content=\"1500\" \/>\n\t<meta property=\"og:image:height\" content=\"1000\" \/>\n\t<meta property=\"og:image:type\" content=\"image\/jpeg\" \/>\n<meta name=\"author\" content=\"nexe\" \/>\n<meta name=\"twitter:card\" content=\"summary_large_image\" \/>\n<meta name=\"twitter:label1\" content=\"\u00c9crit par\" \/>\n\t<meta name=\"twitter:data1\" content=\"nexe\" \/>\n\t<meta name=\"twitter:label2\" content=\"Dur\u00e9e de lecture estim\u00e9e\" \/>\n\t<meta name=\"twitter:data2\" content=\"3 minutes\" \/>\n<script type=\"application\/ld+json\" class=\"yoast-schema-graph\">{\"@context\":\"https:\/\/schema.org\",\"@graph\":[{\"@type\":\"WebPage\",\"@id\":\"https:\/\/nexeimpressions.com\/fr\/gaultier-divine-jean-paul-gaultier\/\",\"url\":\"https:\/\/nexeimpressions.com\/fr\/gaultier-divine-jean-paul-gaultier\/\",\"name\":\"Gaultier Divine - Jean Paul Gaultier &#8211; Nexe Impressions\",\"isPartOf\":{\"@id\":\"https:\/\/nexeimpressions.com\/fr\/#website\"},\"primaryImageOfPage\":{\"@id\":\"https:\/\/nexeimpressions.com\/fr\/gaultier-divine-jean-paul-gaultier\/#primaryimage\"},\"image\":{\"@id\":\"https:\/\/nexeimpressions.com\/fr\/gaultier-divine-jean-paul-gaultier\/#primaryimage\"},\"thumbnailUrl\":\"https:\/\/nexeimpressions.com\/wp-content\/uploads\/2023\/11\/jean_paul_gaultier_presskit.jpg\",\"datePublished\":\"2023-11-22T14:00:24+00:00\",\"dateModified\":\"2023-11-22T15:47:57+00:00\",\"author\":{\"@id\":\"https:\/\/nexeimpressions.com\/fr\/#\/schema\/person\/9cd356147ba4e89838e01be5359a62d0\"},\"description\":\"Le Groupe Puig compte une nouvelle fois sur Apartamento Studios, pour concevoir le graphisme du d\u00e9cor, et avec Nexe Impressions, pour concr\u00e9tiser le dossier de presse du lancement de Gaultier Divine de Jean Paul Gaultier. Le Groupe Puig compte une nouvelle fois sur Apartamento Studios, pour concevoir le graphisme du d\u00e9cor, et avec Nexe Impressions, pour concr\u00e9tiser le dossier de presse du lancement de Gaultier Divine de Jean Paul Gaultier.\",\"breadcrumb\":{\"@id\":\"https:\/\/nexeimpressions.com\/fr\/gaultier-divine-jean-paul-gaultier\/#breadcrumb\"},\"inLanguage\":\"fr-FR\",\"potentialAction\":[{\"@type\":\"ReadAction\",\"target\":[\"https:\/\/nexeimpressions.com\/fr\/gaultier-divine-jean-paul-gaultier\/\"]}]},{\"@type\":\"ImageObject\",\"inLanguage\":\"fr-FR\",\"@id\":\"https:\/\/nexeimpressions.com\/fr\/gaultier-divine-jean-paul-gaultier\/#primaryimage\",\"url\":\"https:\/\/nexeimpressions.com\/wp-content\/uploads\/2023\/11\/jean_paul_gaultier_presskit.jpg\",\"contentUrl\":\"https:\/\/nexeimpressions.com\/wp-content\/uploads\/2023\/11\/jean_paul_gaultier_presskit.jpg\",\"width\":1500,\"height\":1000,\"caption\":\"Jean\"},{\"@type\":\"BreadcrumbList\",\"@id\":\"https:\/\/nexeimpressions.com\/fr\/gaultier-divine-jean-paul-gaultier\/#breadcrumb\",\"itemListElement\":[{\"@type\":\"ListItem\",\"position\":1,\"name\":\"Home\",\"item\":\"https:\/\/nexeimpressions.com\/fr\/\"},{\"@type\":\"ListItem\",\"position\":2,\"name\":\"Gaultier Divine &#8211; Jean Paul Gaultier\"}]},{\"@type\":\"WebSite\",\"@id\":\"https:\/\/nexeimpressions.com\/fr\/#website\",\"url\":\"https:\/\/nexeimpressions.com\/fr\/\",\"name\":\"Nexe Impressions\",\"description\":\"Print worthy\",\"potentialAction\":[{\"@type\":\"SearchAction\",\"target\":{\"@type\":\"EntryPoint\",\"urlTemplate\":\"https:\/\/nexeimpressions.com\/fr\/?s={search_term_string}\"},\"query-input\":{\"@type\":\"PropertyValueSpecification\",\"valueRequired\":true,\"valueName\":\"search_term_string\"}}],\"inLanguage\":\"fr-FR\"},{\"@type\":\"Person\",\"@id\":\"https:\/\/nexeimpressions.com\/fr\/#\/schema\/person\/9cd356147ba4e89838e01be5359a62d0\",\"name\":\"nexe\",\"image\":{\"@type\":\"ImageObject\",\"inLanguage\":\"fr-FR\",\"@id\":\"https:\/\/nexeimpressions.com\/fr\/#\/schema\/person\/image\/\",\"url\":\"https:\/\/secure.gravatar.com\/avatar\/1b31af11b441709081e19a5258d29fcb920ae3249fa80c00a863bde3cf378dfb?s=96&d=mm&r=g\",\"contentUrl\":\"https:\/\/secure.gravatar.com\/avatar\/1b31af11b441709081e19a5258d29fcb920ae3249fa80c00a863bde3cf378dfb?s=96&d=mm&r=g\",\"caption\":\"nexe\"},\"url\":\"https:\/\/nexeimpressions.com\/fr\/author\/admin\/\"}]}<\/script>\n<!-- \/ Yoast SEO plugin. -->","yoast_head_json":{"title":"Gaultier Divine - Jean Paul Gaultier &#8211; Nexe Impressions","description":"Le Groupe Puig compte une nouvelle fois sur Apartamento Studios, pour concevoir le graphisme du d\u00e9cor, et avec Nexe Impressions, pour concr\u00e9tiser le dossier de presse du lancement de Gaultier Divine de Jean Paul Gaultier. Le Groupe Puig compte une nouvelle fois sur Apartamento Studios, pour concevoir le graphisme du d\u00e9cor, et avec Nexe Impressions, pour concr\u00e9tiser le dossier de presse du lancement de Gaultier Divine de Jean Paul Gaultier.","robots":{"index":"index","follow":"follow","max-snippet":"max-snippet:-1","max-image-preview":"max-image-preview:large","max-video-preview":"max-video-preview:-1"},"canonical":"https:\/\/nexeimpressions.com\/fr\/gaultier-divine-jean-paul-gaultier\/","og_locale":"fr_FR","og_type":"article","og_title":"Gaultier Divine - Jean Paul Gaultier &#8211; Nexe Impressions","og_description":"Le Groupe Puig compte une nouvelle fois sur Apartamento Studios, pour concevoir le graphisme du d\u00e9cor, et avec Nexe Impressions, pour concr\u00e9tiser le dossier de presse du lancement de Gaultier Divine de Jean Paul Gaultier. Le Groupe Puig compte une nouvelle fois sur Apartamento Studios, pour concevoir le graphisme du d\u00e9cor, et avec Nexe Impressions, pour concr\u00e9tiser le dossier de presse du lancement de Gaultier Divine de Jean Paul Gaultier.","og_url":"https:\/\/nexeimpressions.com\/fr\/gaultier-divine-jean-paul-gaultier\/","og_site_name":"Nexe Impressions","article_publisher":"https:\/\/www.facebook.com\/nexeimpressions","article_published_time":"2023-11-22T14:00:24+00:00","article_modified_time":"2023-11-22T15:47:57+00:00","og_image":[{"width":1500,"height":1000,"url":"https:\/\/nexeimpressions.com\/wp-content\/uploads\/2023\/11\/jean_paul_gaultier_presskit.jpg","type":"image\/jpeg"}],"author":"nexe","twitter_card":"summary_large_image","twitter_misc":{"\u00c9crit par":"nexe","Dur\u00e9e de lecture estim\u00e9e":"3 minutes"},"schema":{"@context":"https:\/\/schema.org","@graph":[{"@type":"WebPage","@id":"https:\/\/nexeimpressions.com\/fr\/gaultier-divine-jean-paul-gaultier\/","url":"https:\/\/nexeimpressions.com\/fr\/gaultier-divine-jean-paul-gaultier\/","name":"Gaultier Divine - Jean Paul Gaultier &#8211; Nexe Impressions","isPartOf":{"@id":"https:\/\/nexeimpressions.com\/fr\/#website"},"primaryImageOfPage":{"@id":"https:\/\/nexeimpressions.com\/fr\/gaultier-divine-jean-paul-gaultier\/#primaryimage"},"image":{"@id":"https:\/\/nexeimpressions.com\/fr\/gaultier-divine-jean-paul-gaultier\/#primaryimage"},"thumbnailUrl":"https:\/\/nexeimpressions.com\/wp-content\/uploads\/2023\/11\/jean_paul_gaultier_presskit.jpg","datePublished":"2023-11-22T14:00:24+00:00","dateModified":"2023-11-22T15:47:57+00:00","author":{"@id":"https:\/\/nexeimpressions.com\/fr\/#\/schema\/person\/9cd356147ba4e89838e01be5359a62d0"},"description":"Le Groupe Puig compte une nouvelle fois sur Apartamento Studios, pour concevoir le graphisme du d\u00e9cor, et avec Nexe Impressions, pour concr\u00e9tiser le dossier de presse du lancement de Gaultier Divine de Jean Paul Gaultier. Le Groupe Puig compte une nouvelle fois sur Apartamento Studios, pour concevoir le graphisme du d\u00e9cor, et avec Nexe Impressions, pour concr\u00e9tiser le dossier de presse du lancement de Gaultier Divine de Jean Paul Gaultier.","breadcrumb":{"@id":"https:\/\/nexeimpressions.com\/fr\/gaultier-divine-jean-paul-gaultier\/#breadcrumb"},"inLanguage":"fr-FR","potentialAction":[{"@type":"ReadAction","target":["https:\/\/nexeimpressions.com\/fr\/gaultier-divine-jean-paul-gaultier\/"]}]},{"@type":"ImageObject","inLanguage":"fr-FR","@id":"https:\/\/nexeimpressions.com\/fr\/gaultier-divine-jean-paul-gaultier\/#primaryimage","url":"https:\/\/nexeimpressions.com\/wp-content\/uploads\/2023\/11\/jean_paul_gaultier_presskit.jpg","contentUrl":"https:\/\/nexeimpressions.com\/wp-content\/uploads\/2023\/11\/jean_paul_gaultier_presskit.jpg","width":1500,"height":1000,"caption":"Jean"},{"@type":"BreadcrumbList","@id":"https:\/\/nexeimpressions.com\/fr\/gaultier-divine-jean-paul-gaultier\/#breadcrumb","itemListElement":[{"@type":"ListItem","position":1,"name":"Home","item":"https:\/\/nexeimpressions.com\/fr\/"},{"@type":"ListItem","position":2,"name":"Gaultier Divine &#8211; Jean Paul Gaultier"}]},{"@type":"WebSite","@id":"https:\/\/nexeimpressions.com\/fr\/#website","url":"https:\/\/nexeimpressions.com\/fr\/","name":"Nexe Impressions","description":"Print worthy","potentialAction":[{"@type":"SearchAction","target":{"@type":"EntryPoint","urlTemplate":"https:\/\/nexeimpressions.com\/fr\/?s={search_term_string}"},"query-input":{"@type":"PropertyValueSpecification","valueRequired":true,"valueName":"search_term_string"}}],"inLanguage":"fr-FR"},{"@type":"Person","@id":"https:\/\/nexeimpressions.com\/fr\/#\/schema\/person\/9cd356147ba4e89838e01be5359a62d0","name":"nexe","image":{"@type":"ImageObject","inLanguage":"fr-FR","@id":"https:\/\/nexeimpressions.com\/fr\/#\/schema\/person\/image\/","url":"https:\/\/secure.gravatar.com\/avatar\/1b31af11b441709081e19a5258d29fcb920ae3249fa80c00a863bde3cf378dfb?s=96&d=mm&r=g","contentUrl":"https:\/\/secure.gravatar.com\/avatar\/1b31af11b441709081e19a5258d29fcb920ae3249fa80c00a863bde3cf378dfb?s=96&d=mm&r=g","caption":"nexe"},"url":"https:\/\/nexeimpressions.com\/fr\/author\/admin\/"}]}},"_links":{"self":[{"href":"https:\/\/nexeimpressions.com\/fr\/wp-json\/wp\/v2\/posts\/21467","targetHints":{"allow":["GET"]}}],"collection":[{"href":"https:\/\/nexeimpressions.com\/fr\/wp-json\/wp\/v2\/posts"}],"about":[{"href":"https:\/\/nexeimpressions.com\/fr\/wp-json\/wp\/v2\/types\/post"}],"author":[{"embeddable":true,"href":"https:\/\/nexeimpressions.com\/fr\/wp-json\/wp\/v2\/users\/1"}],"replies":[{"embeddable":true,"href":"https:\/\/nexeimpressions.com\/fr\/wp-json\/wp\/v2\/comments?post=21467"}],"version-history":[{"count":3,"href":"https:\/\/nexeimpressions.com\/fr\/wp-json\/wp\/v2\/posts\/21467\/revisions"}],"predecessor-version":[{"id":21477,"href":"https:\/\/nexeimpressions.com\/fr\/wp-json\/wp\/v2\/posts\/21467\/revisions\/21477"}],"wp:featuredmedia":[{"embeddable":true,"href":"https:\/\/nexeimpressions.com\/fr\/wp-json\/wp\/v2\/media\/21461"}],"wp:attachment":[{"href":"https:\/\/nexeimpressions.com\/fr\/wp-json\/wp\/v2\/media?parent=21467"}],"wp:term":[{"taxonomy":"category","embeddable":true,"href":"https:\/\/nexeimpressions.com\/fr\/wp-json\/wp\/v2\/categories?post=21467"},{"taxonomy":"post_tag","embeddable":true,"href":"https:\/\/nexeimpressions.com\/fr\/wp-json\/wp\/v2\/tags?post=21467"}],"curies":[{"name":"wp","href":"https:\/\/api.w.org\/{rel}","templated":true}]}}